{"id":65487,"date":"2025-12-20T11:23:03","date_gmt":"2025-12-20T14:23:03","guid":{"rendered":"https:\/\/maxradio923.com.ar\/index.php\/2025\/12\/20\/1338la-justicia-le-nego-a-la-toretto-de-la-plata-el-permiso-para-trabajar-como-ninera\/"},"modified":"2025-12-20T11:23:03","modified_gmt":"2025-12-20T14:23:03","slug":"1338la-justicia-le-nego-a-la-toretto-de-la-plata-el-permiso-para-trabajar-como-ninera","status":"publish","type":"post","link":"https:\/\/maxradio923.com.ar\/index.php\/2025\/12\/20\/1338la-justicia-le-nego-a-la-toretto-de-la-plata-el-permiso-para-trabajar-como-ninera\/","title":{"rendered":"13:38La Justicia le neg\u00f3 a \u201cLa Toretto\u201d de La Plata el permiso para trabajar como ni\u00f1era"},"content":{"rendered":"<p><\/p>\n<h2 class=\"article-subheadline text_align_left\">Lo resolvi\u00f3 el Tribunal Oral en lo Criminal N\u00ba 2. La defensa de Felicitas Alvite, que cumple con prisi\u00f3n domiciliaria por atropellar y matar a un motociclista, hab\u00eda solicitado permiso para que pudiera salir a cuidar al hijo de una pareja amiga<\/h2>\n<p><\/p>\n<p class=\"paragraph\"><b>Felicitas Alvite<\/b>, la influencer conocida como <b>\u201cLa Toretto\u201d <\/b><b>de La Plata, sufri\u00f3 un nuevo rev\u00e9s de la Justicia:<\/b> en las \u00faltimas horas, el Tribunal Oral en lo Criminal N\u00ba 2 de La Plata le <b>neg\u00f3 su pedido para trabajar como ni\u00f1era <\/b>mientras cumple prisi\u00f3n domiciliaria. Est\u00e1 detenida en su casa desde mayo por<b> matar a un motociclista <\/b>al que choc\u00f3 cuando cruz\u00f3 un sem\u00e1foro en rojo el a\u00f1o pasado. <\/p>\n<p><\/p>\n<p class=\"paragraph\">La solicitud fue rechazada desde el principio por la familia de Walter Armand, la v\u00edctima. El fiscal de juicio Mart\u00edn Chiorazzi, acompa\u00f1\u00f3 a los familiares y aval\u00f3 el rechazo al pedido presentado ante el tribunal. <\/p>\n<p><\/p>\n<p class=\"paragraph\">En la misma l\u00ednea finalmente resolvieron las autoridades del TOC N\u00b02 de La Plata, quienes determinaron que las condiciones de su prisi\u00f3n domiciliaria se mantengan igual que hasta ahora y sin permisos especiales.<\/p>\n<p><\/p>\n<p class=\"paragraph\"><b>El juicio a Alvite todav\u00eda no tiene fecha de inicio <\/b>y la tercera audiencia preliminar para avanzar con la causa se realizar\u00e1 el 18 de febrero de 2026. <\/p>\n<p><\/p>\n<p class=\"paragraph\">El objetivo de este proceso es tratar cuestiones previas o directamente, depurar la prueba que se van a utilizar en el debate.<\/p>\n<p><\/p>\n<p class=\"paragraph\">Alvite ya particip\u00f3 de varias audiencias, bajo el art\u00edculo 338 del C\u00f3digo Procesal Penal bonaerense, en la que cada parte expuso su teor\u00eda del caso y avanz\u00f3 en la organizaci\u00f3n de la prueba que se incluir\u00e1 en el debate oral. <\/p>\n","protected":false},"excerpt":{"rendered":"<p>Lo resolvi\u00f3 el Tribunal Oral en lo Criminal N\u00ba 2. La defensa de Felicitas Alvite, que cumple con prisi\u00f3n domiciliaria por atropellar y matar a un motociclista, hab\u00eda solicitado permiso para que pudiera salir a cuidar al hijo de una pareja amiga Felicitas Alvite, la influencer conocida como \u201cLa Toretto\u201d de La Plata, sufri\u00f3 un [&hellip;]<\/p>\n","protected":false},"author":2,"featured_media":63990,"comment_status":"","ping_status":"","sticky":false,"template":"","format":"standard","meta":{"footnotes":""},"categories":[12],"tags":[],"_links":{"self":[{"href":"https:\/\/maxradio923.com.ar\/index.php\/wp-json\/wp\/v2\/posts\/65487"}],"collection":[{"href":"https:\/\/maxradio923.com.ar\/index.php\/wp-json\/wp\/v2\/posts"}],"about":[{"href":"https:\/\/maxradio923.com.ar\/index.php\/wp-json\/wp\/v2\/types\/post"}],"author":[{"embeddable":true,"href":"https:\/\/maxradio923.com.ar\/index.php\/wp-json\/wp\/v2\/users\/2"}],"replies":[{"embeddable":true,"href":"https:\/\/maxradio923.com.ar\/index.php\/wp-json\/wp\/v2\/comments?post=65487"}],"version-history":[{"count":0,"href":"https:\/\/maxradio923.com.ar\/index.php\/wp-json\/wp\/v2\/posts\/65487\/revisions"}],"wp:featuredmedia":[{"embeddable":true,"href":"https:\/\/maxradio923.com.ar\/index.php\/wp-json\/wp\/v2\/media\/63990"}],"wp:attachment":[{"href":"https:\/\/maxradio923.com.ar\/index.php\/wp-json\/wp\/v2\/media?parent=65487"}],"wp:term":[{"taxonomy":"category","embeddable":true,"href":"https:\/\/maxradio923.com.ar\/index.php\/wp-json\/wp\/v2\/categories?post=65487"},{"taxonomy":"post_tag","embeddable":true,"href":"https:\/\/maxradio923.com.ar\/index.php\/wp-json\/wp\/v2\/tags?post=65487"}],"curies":[{"name":"wp","href":"https:\/\/api.w.org\/{rel}","templated":true}]}}