{"id":65485,"date":"2025-12-20T11:19:02","date_gmt":"2025-12-20T14:19:02","guid":{"rendered":"https:\/\/maxradio923.com.ar\/index.php\/2025\/12\/20\/conmocion-en-el-automovilismo-por-el-grave-accidente-que-sufrio-la-figura-argentina-del-rally-dakar-juan-cruz-yacopini-durante-sus-vacaciones\/"},"modified":"2025-12-20T11:19:02","modified_gmt":"2025-12-20T14:19:02","slug":"conmocion-en-el-automovilismo-por-el-grave-accidente-que-sufrio-la-figura-argentina-del-rally-dakar-juan-cruz-yacopini-durante-sus-vacaciones","status":"publish","type":"post","link":"https:\/\/maxradio923.com.ar\/index.php\/2025\/12\/20\/conmocion-en-el-automovilismo-por-el-grave-accidente-que-sufrio-la-figura-argentina-del-rally-dakar-juan-cruz-yacopini-durante-sus-vacaciones\/","title":{"rendered":"Conmoci\u00f3n en el automovilismo por el grave accidente que sufri\u00f3 la figura argentina del Rally Dakar Juan Cruz Yacopini durante sus vacaciones"},"content":{"rendered":"<p><\/p>\n<div xmlns:default=\"http:\/\/www.w3.org\/2000\/svg\">\n<div class=\"visual__image image-initial-width\"><picture><source srcset=\"https:\/\/www.infobae.com\/resizer\/v2\/X76BHSA6VBG7LP77TEXDCFBMEI.jpg?auth=d636ab6f8cdc99df28df8a8ef46863b0b013d1bf4136570303bdb953d6786e57&amp;smart=true&amp;width=992&amp;height=558&amp;quality=85\" media=\"(min-width: 1000px)\"\/><source srcset=\"https:\/\/www.infobae.com\/resizer\/v2\/X76BHSA6VBG7LP77TEXDCFBMEI.jpg?auth=d636ab6f8cdc99df28df8a8ef46863b0b013d1bf4136570303bdb953d6786e57&amp;smart=true&amp;width=768&amp;height=432&amp;quality=85\" media=\"(min-width: 768px)\"\/><source srcset=\"https:\/\/www.infobae.com\/resizer\/v2\/X76BHSA6VBG7LP77TEXDCFBMEI.jpg?auth=d636ab6f8cdc99df28df8a8ef46863b0b013d1bf4136570303bdb953d6786e57&amp;smart=true&amp;width=577&amp;height=325&amp;quality=85\" media=\"(min-width: 580px)\"\/><source srcset=\"https:\/\/www.infobae.com\/resizer\/v2\/X76BHSA6VBG7LP77TEXDCFBMEI.jpg?auth=d636ab6f8cdc99df28df8a8ef46863b0b013d1bf4136570303bdb953d6786e57&amp;smart=true&amp;width=420&amp;height=236&amp;quality=85\" media=\"(min-width: 350px)\"\/><source srcset=\"https:\/\/www.infobae.com\/resizer\/v2\/X76BHSA6VBG7LP77TEXDCFBMEI.jpg?auth=d636ab6f8cdc99df28df8a8ef46863b0b013d1bf4136570303bdb953d6786e57&amp;smart=true&amp;width=350&amp;height=197&amp;quality=85\" media=\"(min-width: 80px)\"\/><img alt=\"Juan Cruz Yacopini, que fue\" class=\"global-image\" decoding=\"async\" fetchpriority=\"high\" height=\"1080\" loading=\"eager\" src=\"https:\/\/www.infobae.com\/resizer\/v2\/X76BHSA6VBG7LP77TEXDCFBMEI.jpg?auth=d636ab6f8cdc99df28df8a8ef46863b0b013d1bf4136570303bdb953d6786e57&amp;smart=true&amp;width=350&amp;height=197&amp;quality=85\" width=\"1920\"\/><\/picture><figcaption class=\"article-figcaption-img\">Juan Cruz Yacopini, que fue campe\u00f3n del Mundial de Bajas 2025, sufri\u00f3 un grave accidente d\u00edas antes de viajar al Rally Dakar<\/figcaption><\/div>\n<p class=\"paragraph\">El automovilismo argentino atraviesa horas de profunda conmoci\u00f3n tras conocerse la noticia del accidente que sufri\u00f3 el piloto <b>Juan Cruz Yacopini<\/b> <b>durante sus vacaciones<\/b>, que lo dej\u00f3 internado en terapia intensiva en Mendoza.<\/p>\n<p class=\"paragraph\">Seg\u00fan detall\u00f3 el diario <i>Uno<\/i> de Mendoza, y le confirmaron a <b>Infobae <\/b>desde el entorno del corredor de <b>26 a\u00f1os<\/b>, el suceso ocurri\u00f3 este viernes mientras <b>disfrutaba de unos d\u00edas de descanso<\/b> en compa\u00f1\u00eda de sus amigos horas antes de partir rumbo a <b>Arabia Saudita<\/b> para protagonizar una edici\u00f3n del <b>Rally Dakar<\/b>, la cita m\u00e1s exigente del planeta.<\/p>\n<p class=\"paragraph\">El peri\u00f3dico mendocino inform\u00f3 que Yacopini <b>navegaba en lancha con sus amigos<\/b> por El Carrizal cuando <b>se tir\u00f3 a un espejo de agua en una \u201czona de poca profundidad\u201d <\/b>y se <b>lesion\u00f3 la cabeza<\/b>. Juan Cruz sufri\u00f3 un <b>paro cardiorrespiratorio y debi\u00f3 ser trasladado inicialmente al Hospital Perrupato<\/b> en San Mart\u00edn, aunque luego fue derivado a la Cl\u00ednica de Cuyo en la ciudad de Mendoza ante el complejo cuadro: <b>est\u00e1 internado en grave estado con pron\u00f3stico reservado tras ser diagnosticado con \u201cpolitraumatismo grave con shock medular\u201d<\/b>.<\/p>\n<p class=\"paragraph\">Los primeros informes sobre el tema plantean que el suceso ocurri\u00f3 durante la tarde de este viernes 19 de diciembre en uno de los \u00faltimos campings inaugurados en la costa Este de El Carrizal en una jornada con altas temperaturas en Mendoza. Tras el accidente, Yacopini fue asistido por sus amigos en un primera instancia y llevado hasta un punto de encuentro sobre la Ruta 62 para que sea atendido inicialmente por la ambulancia del Servicio de Emergencias Coordinado (SEC). \u201cEl personal m\u00e9dico le practic\u00f3 maniobras de reanimaci\u00f3n cardiopulmonar, logrando estabilizarlo y trasladarlo de urgencia al Hospital Perrupato\u201d, informaron desde el Ministerio de Seguridad de la provincia, seg\u00fan detall\u00f3 el diario <i>Mdzol<\/i>.<\/p>\n<div class=\"visual__image\"><picture><source srcset=\"https:\/\/www.infobae.com\/resizer\/v2\/HGE2UCGWZFGU3NJRGMDRVSMWMI.jfif?auth=742f815c422cbcbac1857d903fcaab033e62ffebfcd425ee455ededb7c98bd7c&amp;smart=true&amp;width=992&amp;height=1628&amp;quality=85\" media=\"(min-width: 1000px)\"\/><source srcset=\"https:\/\/www.infobae.com\/resizer\/v2\/HGE2UCGWZFGU3NJRGMDRVSMWMI.jfif?auth=742f815c422cbcbac1857d903fcaab033e62ffebfcd425ee455ededb7c98bd7c&amp;smart=true&amp;width=768&amp;height=1260&amp;quality=85\" media=\"(min-width: 768px)\"\/><source srcset=\"https:\/\/www.infobae.com\/resizer\/v2\/HGE2UCGWZFGU3NJRGMDRVSMWMI.jfif?auth=742f815c422cbcbac1857d903fcaab033e62ffebfcd425ee455ededb7c98bd7c&amp;smart=true&amp;width=577&amp;height=947&amp;quality=85\" media=\"(min-width: 580px)\"\/><source srcset=\"https:\/\/www.infobae.com\/resizer\/v2\/HGE2UCGWZFGU3NJRGMDRVSMWMI.jfif?auth=742f815c422cbcbac1857d903fcaab033e62ffebfcd425ee455ededb7c98bd7c&amp;smart=true&amp;width=420&amp;height=689&amp;quality=85\" media=\"(min-width: 350px)\"\/><source srcset=\"https:\/\/www.infobae.com\/resizer\/v2\/HGE2UCGWZFGU3NJRGMDRVSMWMI.jfif?auth=742f815c422cbcbac1857d903fcaab033e62ffebfcd425ee455ededb7c98bd7c&amp;smart=true&amp;width=350&amp;height=574&amp;quality=85\" media=\"(min-width: 80px)\"\/><img alt=\"Dani Oliveras y el mendocino\" class=\"global-image\" decoding=\"async\" fetchpriority=\"low\" height=\"1935\" loading=\"lazy\" src=\"https:\/\/www.infobae.com\/resizer\/v2\/HGE2UCGWZFGU3NJRGMDRVSMWMI.jfif?auth=742f815c422cbcbac1857d903fcaab033e62ffebfcd425ee455ededb7c98bd7c&amp;smart=true&amp;width=350&amp;height=574&amp;quality=85\" width=\"1179\"\/><\/picture><figcaption class=\"article-figcaption-img\">Dani Oliveras y el mendocino Juan Cruz Yacopini, campeones mundiales de Baja, durante la reciente gala de la FIA (Cr\u00e9dito: Prensa FIA)<br \/>\n<\/figcaption><\/div>\n<p class=\"paragraph\">Hace apenas unos d\u00edas Yacopini hab\u00eda sido uno de los grandes protagonistas de la Gala de la FIA en la ciudad de Tashkent, capital de Uzbekist\u00e1n: fue premiado como campe\u00f3n del Mundial de Bajas 2025 junto al navegante espa\u00f1ol Dani Olivera. El mendocino es el m\u00e1ximo exponente argentino en la principal divisional de autos en el Rally Raid.<\/p>\n<p class=\"paragraph\">Su pr\u00f3xima aparici\u00f3n estaba pautada en el exigente Rally Dakar que comenzar\u00e1 el pr\u00f3ximo 3 de enero de 2026 y se extender\u00e1 hasta el 17 de ese mismo mes en Arabia Saudita. Iba a ser piloto del Toyota Gazoo Racing South Africa, es decir, piloto oficial Toyota. Con una Hilux con potencial para pelear el triunfo en la general absoluta de la carrera, estaba anotado como el \u00fanico argentino en la categor\u00eda principal de autos para esta edici\u00f3n 2026.<\/p>\n<div class=\"visual__image\"><picture><source srcset=\"https:\/\/www.infobae.com\/resizer\/v2\/7U7QI6MHMNA7FPZMMY3DAMJVJQ.jpg?auth=d2e7696f5d0ac589295cf7f5ed55f732bff89df13879ef58ec2a0f33c763ebbb&amp;smart=true&amp;width=992&amp;height=558&amp;quality=85\" media=\"(min-width: 1000px)\"\/><source srcset=\"https:\/\/www.infobae.com\/resizer\/v2\/7U7QI6MHMNA7FPZMMY3DAMJVJQ.jpg?auth=d2e7696f5d0ac589295cf7f5ed55f732bff89df13879ef58ec2a0f33c763ebbb&amp;smart=true&amp;width=768&amp;height=432&amp;quality=85\" media=\"(min-width: 768px)\"\/><source srcset=\"https:\/\/www.infobae.com\/resizer\/v2\/7U7QI6MHMNA7FPZMMY3DAMJVJQ.jpg?auth=d2e7696f5d0ac589295cf7f5ed55f732bff89df13879ef58ec2a0f33c763ebbb&amp;smart=true&amp;width=577&amp;height=325&amp;quality=85\" media=\"(min-width: 580px)\"\/><source srcset=\"https:\/\/www.infobae.com\/resizer\/v2\/7U7QI6MHMNA7FPZMMY3DAMJVJQ.jpg?auth=d2e7696f5d0ac589295cf7f5ed55f732bff89df13879ef58ec2a0f33c763ebbb&amp;smart=true&amp;width=420&amp;height=236&amp;quality=85\" media=\"(min-width: 350px)\"\/><source srcset=\"https:\/\/www.infobae.com\/resizer\/v2\/7U7QI6MHMNA7FPZMMY3DAMJVJQ.jpg?auth=d2e7696f5d0ac589295cf7f5ed55f732bff89df13879ef58ec2a0f33c763ebbb&amp;smart=true&amp;width=350&amp;height=197&amp;quality=85\" media=\"(min-width: 80px)\"\/><img alt=\"Juan Cruz Yacopini iba a\" class=\"global-image\" decoding=\"async\" fetchpriority=\"low\" height=\"1080\" loading=\"lazy\" src=\"https:\/\/www.infobae.com\/resizer\/v2\/7U7QI6MHMNA7FPZMMY3DAMJVJQ.jpg?auth=d2e7696f5d0ac589295cf7f5ed55f732bff89df13879ef58ec2a0f33c763ebbb&amp;smart=true&amp;width=350&amp;height=197&amp;quality=85\" width=\"1920\"\/><\/picture><figcaption class=\"article-figcaption-img\">Juan Cruz Yacopini iba a representar al automovilismo argentino en la pr\u00f3xima edici\u00f3n del Dakar<\/figcaption><\/div>\n<p class=\"paragraph\">En enero de este 2025, Juan Cruz habl\u00f3 con <b>Infobae<\/b> tras terminar su participaci\u00f3n en el Rally Dakar en el s\u00e9ptimo lugar de la categor\u00eda de autos, ganando el \u00faltimo tramo. \u201cHice una gran carrera ya que pude terminar entre los diez primeros contra varios pilotos de equipos oficiales\u201d, le dijo el mendocino a este medio por entonces.<\/p>\n<p class=\"paragraph\">Nacido el 15 de julio de 1999, el corredor argentino <b>debut\u00f3 en el Rally Dakar en 2021 <\/b>con una Toyota Hilux que hab\u00eda usado el actual piloto de F\u00f3rmula 1 Fernando Alonso el a\u00f1o anterior. Desde entonces, Yacopini particip\u00f3 de esta exigente cita ya con el trazado ubicado en Arabia Saudita: abandon\u00f3 en la tercera etapa en su estreno, fue 20\u00b0 en 2022, logr\u00f3 el s\u00e9ptimo puesto del 2023 y hab\u00eda repetido esa gesta en este 2025 con el espa\u00f1ol Dani Oliveras Carreras como navegante. <\/p>\n<p class=\"paragraph\">Su pasi\u00f3n por el Dakar es compartido con su padre Alejandro, quien decidi\u00f3 involucrarse en esta divisional cuando se traslad\u00f3 a Sudam\u00e9rica a partir del 2009. Aprovechando el paso por Mendoza, la familia Yacopini tuvo en Alejandro a un representante habitual con el peque\u00f1o Juan Cruz de 10 a\u00f1os primero como testigo y luego como navegante de su padre.<\/p>\n<p class=\"paragraph\">En la categor\u00eda autos, Alejandro sum\u00f3 un solo abandono y hasta lleg\u00f3 a posicionarse und\u00e9cimo en 2018, en lo que fue su mejor participaci\u00f3n. Mientras tanto, Juan Cruz se iniciaba en el extinto Campeonato Argentino de Rally Cross Country (CARCC) y en el Campeonato Argentino de Navegaci\u00f3n (CANAV), competencias que se instalaron a\u00f1os atr\u00e1s para que nuestros pilotos se formaran de cara a una eventual participaci\u00f3n en el Rally Dakar. En el CANAV fue bicampe\u00f3n en 2018 y 2019. Junto a su padre, se adjudic\u00f3 en forma consecutiva las ediciones del South American Rally Race (SARR), una conocida carrera de Rally Raid, en 2020, 2021 y 2022 en la categor\u00eda Autos T1<\/p>\n<p class=\"paragraph\"><i><b>Noticia en desarrollo&#8230;<\/b><\/i><\/p>\n<\/div>\n<p><script defer=\"\">try{!function(f,b,e,v,n,t,s) {if(f.fbq)return;n=f.fbq=function(){n.callMethod? n.callMethod.apply(n,arguments):n.queue.push(arguments)}; if(!f._fbq)f._fbq=n;n.push=n;n.loaded=!0;n.version='2.0'; n.queue=[];t=b.createElement(e);t.async=!0; t.src=v;s=b.getElementsByTagName(e)[0]; s.parentNode.insertBefore(t,s)}(window, document,'script', ' fbq('init', '336383993555320'); fbq('track', 'PageView'); fbq('track', 'ViewContent');}catch(error){console.log(\"Error al inicializar facebookPixelRawCodeScript:\",error);}<\/script><\/p>\n","protected":false},"excerpt":{"rendered":"<p>Juan Cruz Yacopini, que fue campe\u00f3n del Mundial de Bajas 2025, sufri\u00f3 un grave accidente d\u00edas antes de viajar al Rally Dakar El automovilismo argentino atraviesa horas de profunda conmoci\u00f3n tras conocerse la noticia del accidente que sufri\u00f3 el piloto Juan Cruz Yacopini durante sus vacaciones, que lo dej\u00f3 internado en terapia intensiva en Mendoza. [&hellip;]<\/p>\n","protected":false},"author":2,"featured_media":65486,"comment_status":"","ping_status":"","sticky":false,"template":"","format":"standard","meta":{"footnotes":""},"categories":[2],"tags":[],"_links":{"self":[{"href":"https:\/\/maxradio923.com.ar\/index.php\/wp-json\/wp\/v2\/posts\/65485"}],"collection":[{"href":"https:\/\/maxradio923.com.ar\/index.php\/wp-json\/wp\/v2\/posts"}],"about":[{"href":"https:\/\/maxradio923.com.ar\/index.php\/wp-json\/wp\/v2\/types\/post"}],"author":[{"embeddable":true,"href":"https:\/\/maxradio923.com.ar\/index.php\/wp-json\/wp\/v2\/users\/2"}],"replies":[{"embeddable":true,"href":"https:\/\/maxradio923.com.ar\/index.php\/wp-json\/wp\/v2\/comments?post=65485"}],"version-history":[{"count":0,"href":"https:\/\/maxradio923.com.ar\/index.php\/wp-json\/wp\/v2\/posts\/65485\/revisions"}],"wp:featuredmedia":[{"embeddable":true,"href":"https:\/\/maxradio923.com.ar\/index.php\/wp-json\/wp\/v2\/media\/65486"}],"wp:attachment":[{"href":"https:\/\/maxradio923.com.ar\/index.php\/wp-json\/wp\/v2\/media?parent=65485"}],"wp:term":[{"taxonomy":"category","embeddable":true,"href":"https:\/\/maxradio923.com.ar\/index.php\/wp-json\/wp\/v2\/categories?post=65485"},{"taxonomy":"post_tag","embeddable":true,"href":"https:\/\/maxradio923.com.ar\/index.php\/wp-json\/wp\/v2\/tags?post=65485"}],"curies":[{"name":"wp","href":"https:\/\/api.w.org\/{rel}","templated":true}]}}