{"id":65471,"date":"2025-12-20T09:15:03","date_gmt":"2025-12-20T12:15:03","guid":{"rendered":"https:\/\/maxradio923.com.ar\/index.php\/2025\/12\/20\/1124la-provocadora-remera-que-uso-maximo-kirchner-en-la-cumbre-del-pj-con-un-mensaje-directo-a-axel-kicillof\/"},"modified":"2025-12-20T09:15:03","modified_gmt":"2025-12-20T12:15:03","slug":"1124la-provocadora-remera-que-uso-maximo-kirchner-en-la-cumbre-del-pj-con-un-mensaje-directo-a-axel-kicillof","status":"publish","type":"post","link":"https:\/\/maxradio923.com.ar\/index.php\/2025\/12\/20\/1124la-provocadora-remera-que-uso-maximo-kirchner-en-la-cumbre-del-pj-con-un-mensaje-directo-a-axel-kicillof\/","title":{"rendered":"11:24La provocadora remera que us\u00f3 M\u00e1ximo Kirchner en la cumbre del PJ con un mensaje directo a Axel Kicillof"},"content":{"rendered":"<p><\/p>\n<h2 class=\"article-subheadline text_align_left\">El gesto del diputado durante el encuentro partidario fue interpretado como una se\u00f1al en medio de la disputa por la conducci\u00f3n y el armado bonaerense<\/h2>\n<p><\/p>\n<p class=\"paragraph\"><b>M\u00e1ximo Kirchner<\/b> encabez\u00f3 la reuni\u00f3n del concejo del PJ bonaerense con una remera que no pas\u00f3 desapercibida. Si bien la noticia de los \u00faltimos d\u00edas fue la posibilidad de llegar a una s\u00edntesis de unidad y la definici\u00f3n de la fecha para elegir nuevas autoridades, el diputado nacional dej\u00f3 un mensaje que sum\u00f3 tensi\u00f3n a las diferencias con Axel Kicillof.<\/p>\n<p><\/p>\n<p class=\"paragraph\">Dentro del PJ, el mensaje de la remera fue le\u00eddo como una cr\u00edtica impl\u00edcita a la actitud de Kicillof y de los intendentes que reclaman mayor protagonismo dentro del partido. La interpretaci\u00f3n circul\u00f3 entre dirigentes y referentes partidarios a lo largo de la jornada, en paralelo a las negociaciones que permitieron acordar una fecha para el proceso interno.<\/p>\n<p><\/p>\n<p class=\"paragraph\">El entendimiento se dio luego de semanas de conversaciones entre ambos sectores. Desde el espacio del gobernador propon\u00edan estirar <b>los plazos hacia abril, pero la caducidad del mandato de M\u00e1ximo Kirchner <\/b>\u2014que venci\u00f3 el jueves previo a la reuni\u00f3n\u2014 y del consejo partidario abr\u00eda la posibilidad de una intervenci\u00f3n judicial si no se defin\u00eda un cronograma.<\/p>\n<p><\/p>\n<p class=\"paragraph\">En ese marco, uno de los dirigentes que intervino como mediador fue el intendente de Lomas de Zamora,<b> Federico Oterm\u00edn<\/b>. Su nombre comenz\u00f3 a circular como una de las opciones posibles para encabezar una eventual lista. Otra figura mencionada fue la vicegobernadora <b>Ver\u00f3nica Magario<\/b>. En una etapa previa, Axel Kicillof tambi\u00e9n evalu\u00f3 al ministro de Desarrollo de la Comunidad, <b>Andr\u00e9s Larroque<\/b>.<\/p>\n<p><\/p>\n<p class=\"paragraph\">Mientras se discut\u00edan los plazos, en el MDF se prepararon para un escenario de competencia interna. Durante la reuni\u00f3n del viernes celebraron haber obtenido \u201clas claves digitales\u201d que permiten cargar afiliaciones propias en caso de disputar una elecci\u00f3n. Esas afiliaciones deber\u00e1n ser validadas por el congreso partidario, que preside el intendente de La Matanza, Fernando Espinoza, uno de los negociadores del gobernador.<\/p>\n<p><\/p>\n<p class=\"paragraph\">Aunque en La Plata se\u00f1alaron que Kicillof mantuvo cierta distancia formal del armado partidario, el gobernador sigui\u00f3 de cerca el proceso. A la reuni\u00f3n del consejo asisti\u00f3 la secretaria general de Gobierno, Agustina Vila, como enviada directa. Su presencia apunt\u00f3 a ampliar la integraci\u00f3n de los apoderados, pero la iniciativa no prosper\u00f3 debido a que no estaba afiliada al PJ. En su lugar se incluy\u00f3 a una funcionaria de su \u00e1rea, Sol Berriel.<\/p>\n","protected":false},"excerpt":{"rendered":"<p>El gesto del diputado durante el encuentro partidario fue interpretado como una se\u00f1al en medio de la disputa por la conducci\u00f3n y el armado bonaerense M\u00e1ximo Kirchner encabez\u00f3 la reuni\u00f3n del concejo del PJ bonaerense con una remera que no pas\u00f3 desapercibida. Si bien la noticia de los \u00faltimos d\u00edas fue la posibilidad de llegar [&hellip;]<\/p>\n","protected":false},"author":2,"featured_media":65472,"comment_status":"","ping_status":"","sticky":false,"template":"","format":"standard","meta":{"footnotes":""},"categories":[12],"tags":[],"_links":{"self":[{"href":"https:\/\/maxradio923.com.ar\/index.php\/wp-json\/wp\/v2\/posts\/65471"}],"collection":[{"href":"https:\/\/maxradio923.com.ar\/index.php\/wp-json\/wp\/v2\/posts"}],"about":[{"href":"https:\/\/maxradio923.com.ar\/index.php\/wp-json\/wp\/v2\/types\/post"}],"author":[{"embeddable":true,"href":"https:\/\/maxradio923.com.ar\/index.php\/wp-json\/wp\/v2\/users\/2"}],"replies":[{"embeddable":true,"href":"https:\/\/maxradio923.com.ar\/index.php\/wp-json\/wp\/v2\/comments?post=65471"}],"version-history":[{"count":0,"href":"https:\/\/maxradio923.com.ar\/index.php\/wp-json\/wp\/v2\/posts\/65471\/revisions"}],"wp:featuredmedia":[{"embeddable":true,"href":"https:\/\/maxradio923.com.ar\/index.php\/wp-json\/wp\/v2\/media\/65472"}],"wp:attachment":[{"href":"https:\/\/maxradio923.com.ar\/index.php\/wp-json\/wp\/v2\/media?parent=65471"}],"wp:term":[{"taxonomy":"category","embeddable":true,"href":"https:\/\/maxradio923.com.ar\/index.php\/wp-json\/wp\/v2\/categories?post=65471"},{"taxonomy":"post_tag","embeddable":true,"href":"https:\/\/maxradio923.com.ar\/index.php\/wp-json\/wp\/v2\/tags?post=65471"}],"curies":[{"name":"wp","href":"https:\/\/api.w.org\/{rel}","templated":true}]}}