{"id":65469,"date":"2025-12-20T09:12:05","date_gmt":"2025-12-20T12:12:05","guid":{"rendered":"https:\/\/maxradio923.com.ar\/index.php\/2025\/12\/20\/avanza-el-programa-calidad-en-comunidad-con-consultorias-en-departamentos-mineros\/"},"modified":"2025-12-20T09:12:05","modified_gmt":"2025-12-20T12:12:05","slug":"avanza-el-programa-calidad-en-comunidad-con-consultorias-en-departamentos-mineros","status":"publish","type":"post","link":"https:\/\/maxradio923.com.ar\/index.php\/2025\/12\/20\/avanza-el-programa-calidad-en-comunidad-con-consultorias-en-departamentos-mineros\/","title":{"rendered":"Avanza el programa Calidad en Comunidad con consultor\u00edas en departamentos mineros"},"content":{"rendered":"<p><\/p>\n<div>\n<p>El Gobierno de San Juan, a trav\u00e9s del programa Calidad en Comunidad, contin\u00faa impulsando el desarrollo sostenible de la industria minera mediante acciones orientadas a fortalecer la cadena de valor. En este marco, actualmente se implementa una instancia de consultor\u00eda, acompa\u00f1amiento y seguimiento dirigida a proveedores, especialmente micro pymes de los departamentos Calingasta, J\u00e1chal e Iglesia.<\/p>\n<div>\n<div class=\"embera-embed-responsive embera-embed-responsive-photo embera-embed-responsive-provider-flickr\"><img decoding=\"async\" class=\"embera-embed-responsive-item embera-embed-responsive-item-photo\" src=\"https:\/\/live.staticflickr.com\/65535\/54992917697_98b2b8b0c9_b.jpg\" alt=\"Calidad en Comunidad\"\/><\/div>\n<p>Esta etapa contempla la consultor\u00eda personalizada, previa al proceso de certificaci\u00f3n, con el prop\u00f3sito de mejorar est\u00e1ndares de calidad, competitividad y buenas pr\u00e1cticas empresariales. El objetivo es que los proveedores locales est\u00e9n preparados para cumplir con los requisitos que demanda el sector, promoviendo un crecimiento ordenado y sostenible.<\/p>\n<p>Esta instancia permitir\u00e1 definir un diagn\u00f3stico inicial y la elaboraci\u00f3n de una hoja de ruta personalizada para cada empresa, bajo la orientaci\u00f3n de expertos de la Universidad Cat\u00f3lica de Cuyo. La segunda etapa dar\u00e1 comienzo en el 2026, para aquellas empresas que culminaron la primera etapa, y contar\u00e1n de un acompa\u00f1amiento t\u00e9cnico para alcanzar la certificaci\u00f3n de calidad, garantizando el cumplimiento de est\u00e1ndares internacionales.<\/p>\n<div class=\"embera-embed-responsive embera-embed-responsive-photo embera-embed-responsive-provider-flickr\"><img decoding=\"async\" class=\"embera-embed-responsive-item embera-embed-responsive-item-photo\" src=\"https:\/\/live.staticflickr.com\/65535\/54992917692_3029540576_b.jpg\" alt=\"Calidad en Comunidad\"\/><\/div>\n<p>Con estas acciones, Calidad en Comunidad avanza en los departamentos mineros, generando oportunidades para que las empresas locales se integren de manera efectiva a la cadena de valor y contribuyan al desarrollo econ\u00f3mico regional.<\/p>\n<\/div><\/div>\n<p><script async defer crossorigin=\"anonymous\" src=\"https:\/\/connect.facebook.net\/es_ES\/sdk.js#xfbml=1&#038;version=v3.3\"><\/script><\/p>\n","protected":false},"excerpt":{"rendered":"<p>El Gobierno de San Juan, a trav\u00e9s del programa Calidad en Comunidad, contin\u00faa impulsando el desarrollo sostenible de la industria minera mediante acciones orientadas a fortalecer la cadena de valor. En este marco, actualmente se implementa una instancia de consultor\u00eda, acompa\u00f1amiento y seguimiento dirigida a proveedores, especialmente micro pymes de los departamentos Calingasta, J\u00e1chal e [&hellip;]<\/p>\n","protected":false},"author":2,"featured_media":65470,"comment_status":"","ping_status":"","sticky":false,"template":"","format":"standard","meta":{"footnotes":""},"categories":[8],"tags":[],"_links":{"self":[{"href":"https:\/\/maxradio923.com.ar\/index.php\/wp-json\/wp\/v2\/posts\/65469"}],"collection":[{"href":"https:\/\/maxradio923.com.ar\/index.php\/wp-json\/wp\/v2\/posts"}],"about":[{"href":"https:\/\/maxradio923.com.ar\/index.php\/wp-json\/wp\/v2\/types\/post"}],"author":[{"embeddable":true,"href":"https:\/\/maxradio923.com.ar\/index.php\/wp-json\/wp\/v2\/users\/2"}],"replies":[{"embeddable":true,"href":"https:\/\/maxradio923.com.ar\/index.php\/wp-json\/wp\/v2\/comments?post=65469"}],"version-history":[{"count":0,"href":"https:\/\/maxradio923.com.ar\/index.php\/wp-json\/wp\/v2\/posts\/65469\/revisions"}],"wp:featuredmedia":[{"embeddable":true,"href":"https:\/\/maxradio923.com.ar\/index.php\/wp-json\/wp\/v2\/media\/65470"}],"wp:attachment":[{"href":"https:\/\/maxradio923.com.ar\/index.php\/wp-json\/wp\/v2\/media?parent=65469"}],"wp:term":[{"taxonomy":"category","embeddable":true,"href":"https:\/\/maxradio923.com.ar\/index.php\/wp-json\/wp\/v2\/categories?post=65469"},{"taxonomy":"post_tag","embeddable":true,"href":"https:\/\/maxradio923.com.ar\/index.php\/wp-json\/wp\/v2\/tags?post=65469"}],"curies":[{"name":"wp","href":"https:\/\/api.w.org\/{rel}","templated":true}]}}