{"id":65467,"date":"2025-12-20T08:59:03","date_gmt":"2025-12-20T11:59:03","guid":{"rendered":"https:\/\/maxradio923.com.ar\/index.php\/2025\/12\/20\/el-canciller-pablo-quirno-aseguro-que-el-acuerdo-comercial-con-estados-unidos-esta-practicamente-cerrado\/"},"modified":"2025-12-20T08:59:03","modified_gmt":"2025-12-20T11:59:03","slug":"el-canciller-pablo-quirno-aseguro-que-el-acuerdo-comercial-con-estados-unidos-esta-practicamente-cerrado","status":"publish","type":"post","link":"https:\/\/maxradio923.com.ar\/index.php\/2025\/12\/20\/el-canciller-pablo-quirno-aseguro-que-el-acuerdo-comercial-con-estados-unidos-esta-practicamente-cerrado\/","title":{"rendered":"El canciller Pablo Quirno asegur\u00f3 que el acuerdo comercial con Estados Unidos \u201cest\u00e1 pr\u00e1cticamente cerrado\u201d"},"content":{"rendered":"<p><\/p>\n<h2 class=\"article-subheadline text_align_left\">En la previa de la cumbre del Mercosur, el ministro dijo que solo faltan aspectos log\u00edsticos relacionados con la coordinaci\u00f3n de agendas para concretar la firma<\/h2>\n<p><\/p>\n<p class=\"paragraph\">La <b>negociaci\u00f3n entre Argentina y Estados Unidos<\/b> para un nuevo acuerdo comercial alcanz\u00f3 un punto decisivo, seg\u00fan afirm\u00f3 <b>Pablo Quirno<\/b>, canciller argentino, en la previa de la cumbre del Mercosur que se celebra este s\u00e1bado en Brasil. El funcionario sostuvo que el proceso se encuentra en su etapa final y que solo restan detalles log\u00edsticos para concretar la firma. \u201c<b>El acuerdo con EE.UU. est\u00e1 pr\u00e1cticamente cerrado<\/b>\u201d, dijo Quirno. <\/p>\n<p><\/p>\n<p class=\"paragraph\">A pesar de estos desaf\u00edos log\u00edsticos, el funcionario transmiti\u00f3 confianza en el desenlace positivo de la negociaci\u00f3n: \u201c<b>Somos muy optimistas de que es un acuerdo que se va a firmar prontamente y que va a traer much\u00edsimos beneficios para todos<\/b>\u201d, concluy\u00f3 Quirno.<\/p>\n<p><\/p>\n<p class=\"paragraph\">Tal como cont\u00f3 d\u00edas atr\u00e1s Infobae<i>, <\/i>el Gobierno busca que <b>el tratado sea rubricado en las pr\u00f3ximas semanas para que pueda entrar en vigencia lo antes posible<\/b>, pero para eso est\u00e1n ultimando detalles con la contraparte norteamericana.<\/p>\n<p><\/p>\n<p class=\"paragraph\">A mediados de noviembre pasado, la Casa Blanca public\u00f3 un comunicado en el que confirm\u00f3 que ya se hab\u00eda alcanzado <b>un convenio marco<\/b> con la gesti\u00f3n libertaria para avanzar hacia un programa de \u201ccomercio e inversi\u00f3n rec\u00edprocos\u201d.<\/p>\n<p><\/p>\n<p class=\"paragraph\">A partir de ese momento, comenz\u00f3 una etapa para la administraci\u00f3n de Milei en la que funcionarios de diferentes \u00e1reas empezaron a trabajar para adecuar la legislaci\u00f3n local y as\u00ed cumplir con las pautas que acordaron las partes.<\/p>\n<p><\/p>\n<p class=\"paragraph\">El embajador argentino en los Estados Unidos, <b>Alejandro \u201cAlec\u201d Oxenford<\/b>, regres\u00f3 a Buenos Aires y este lunes por la tarde mantuvo un encuentro en la Casa Rosada con el asesor presidencial, <b>Santiago Caputo<\/b>.<\/p>\n","protected":false},"excerpt":{"rendered":"<p>En la previa de la cumbre del Mercosur, el ministro dijo que solo faltan aspectos log\u00edsticos relacionados con la coordinaci\u00f3n de agendas para concretar la firma La negociaci\u00f3n entre Argentina y Estados Unidos para un nuevo acuerdo comercial alcanz\u00f3 un punto decisivo, seg\u00fan afirm\u00f3 Pablo Quirno, canciller argentino, en la previa de la cumbre del [&hellip;]<\/p>\n","protected":false},"author":2,"featured_media":65468,"comment_status":"","ping_status":"","sticky":false,"template":"","format":"standard","meta":{"footnotes":""},"categories":[12],"tags":[],"_links":{"self":[{"href":"https:\/\/maxradio923.com.ar\/index.php\/wp-json\/wp\/v2\/posts\/65467"}],"collection":[{"href":"https:\/\/maxradio923.com.ar\/index.php\/wp-json\/wp\/v2\/posts"}],"about":[{"href":"https:\/\/maxradio923.com.ar\/index.php\/wp-json\/wp\/v2\/types\/post"}],"author":[{"embeddable":true,"href":"https:\/\/maxradio923.com.ar\/index.php\/wp-json\/wp\/v2\/users\/2"}],"replies":[{"embeddable":true,"href":"https:\/\/maxradio923.com.ar\/index.php\/wp-json\/wp\/v2\/comments?post=65467"}],"version-history":[{"count":0,"href":"https:\/\/maxradio923.com.ar\/index.php\/wp-json\/wp\/v2\/posts\/65467\/revisions"}],"wp:featuredmedia":[{"embeddable":true,"href":"https:\/\/maxradio923.com.ar\/index.php\/wp-json\/wp\/v2\/media\/65468"}],"wp:attachment":[{"href":"https:\/\/maxradio923.com.ar\/index.php\/wp-json\/wp\/v2\/media?parent=65467"}],"wp:term":[{"taxonomy":"category","embeddable":true,"href":"https:\/\/maxradio923.com.ar\/index.php\/wp-json\/wp\/v2\/categories?post=65467"},{"taxonomy":"post_tag","embeddable":true,"href":"https:\/\/maxradio923.com.ar\/index.php\/wp-json\/wp\/v2\/tags?post=65467"}],"curies":[{"name":"wp","href":"https:\/\/api.w.org\/{rel}","templated":true}]}}