{"id":65465,"date":"2025-12-20T08:46:04","date_gmt":"2025-12-20T11:46:04","guid":{"rendered":"https:\/\/maxradio923.com.ar\/index.php\/2025\/12\/20\/el-retiro-de-dos-perros-guardianes-del-servicio-penitenciario\/"},"modified":"2025-12-20T08:46:04","modified_gmt":"2025-12-20T11:46:04","slug":"el-retiro-de-dos-perros-guardianes-del-servicio-penitenciario","status":"publish","type":"post","link":"https:\/\/maxradio923.com.ar\/index.php\/2025\/12\/20\/el-retiro-de-dos-perros-guardianes-del-servicio-penitenciario\/","title":{"rendered":"el retiro de dos perros guardianes del Servicio Penitenciario"},"content":{"rendered":"<p><\/p>\n<div>\n<p>El Servicio Penitenciario Provincial cuenta con 13 canes especializados en distintas \u00e1reas operativas y, dentro de ese equipo, se destacan Ankara y Atlas, dos ovejeros belga malinois que culminaron su etapa de servicio activo para iniciar una nueva etapa junto a sus familias. En ese marco, la Instituci\u00f3n organiz\u00f3 un acto de pase a retiro que incluy\u00f3 un pasillo de honor, donde ambos animales fueron ovacionados por el personal penitenciario.<\/p>\n<p>Ankara ingres\u00f3 al Servicio Penitenciario en 2018 y se desempe\u00f1\u00f3 durante ocho a\u00f1os como especialista antinarc\u00f3ticos, destac\u00e1ndose por su olfato preciso, disciplina y confiabilidad en innumerables operativos de control. Su labor fue clave para prevenir el ingreso de sustancias il\u00edcitas y fortalecer la seguridad intramuros en cada una de sus intervenciones.<\/p>\n<p>Adem\u00e1s de su rol operativo, Ankara cumpli\u00f3 una funci\u00f3n fundamental como can escuela, acompa\u00f1ando la formaci\u00f3n de gu\u00edas y personal en entrenamiento, y transmitiendo est\u00e1ndares de excelencia dentro del Grupo Canes. Su legado tambi\u00e9n perdura a trav\u00e9s de sus cr\u00edas, varias de las cuales contin\u00faan hoy prestando servicio en especialidades como narc\u00f3ticos y detecci\u00f3n de dispositivos electr\u00f3nicos.<\/p>\n<p>Atlas, por su parte, ingres\u00f3 a la instituci\u00f3n con el objetivo de ser adiestrado como can multiprop\u00f3sito, funci\u00f3n que desarroll\u00f3 con un nivel de desempe\u00f1o sobresaliente. Especializado en narc\u00f3ticos, explosivos y tel\u00e9fonos celulares, su presencia represent\u00f3 durante a\u00f1os una garant\u00eda de orden, prevenci\u00f3n y control en los distintos sectores del Servicio Penitenciario.<\/p>\n<p>A lo largo de su trayectoria, Atlas forj\u00f3 v\u00ednculos s\u00f3lidos con sus gu\u00edas, basados en la confianza, la obediencia y el trabajo en equipo, consolid\u00e1ndose como un referente dentro del \u00e1rea K9. Su retiro se produce tras una extensa carrera marcada por la entrega y el profesionalismo, y responde a una dolencia propia del paso del tiempo, luego de una vida dedicada al servicio.<\/p>\n<p>El legado de Ankara y Atlas contin\u00faa vivo en Tango, Cleo y Balto, tres cachorros nacidos del v\u00ednculo entre ambos canes que hoy representan el futuro del Grupo Canes del Servicio Penitenciario. Los canes, ya se encuentran en etapa de formaci\u00f3n, heredando la gen\u00e9tica, la disciplina y la vocaci\u00f3n de servicio de dos referentes que marcaron un antes y un despu\u00e9s en el trabajo K9 de la Instituci\u00f3n<\/p>\n<p>Durante la actividad que tambi\u00e9n tuvo la entrega de certificados a efectivos que se capacitaron en la tem\u00e1tica, acompa\u00f1aron el director del SPP, Carlos Su\u00e1rez; subdirectora, Norma Iragorre; jefe de Cuerpo, Antonio Olivares. Tambi\u00e9n estuvieron, jefe de Divisi\u00f3n Canes, M\u00f3nica \u00e1vila y efectivos penitenciarios.<\/p>\n<\/p><\/div>\n<p><script async defer crossorigin=\"anonymous\" src=\"https:\/\/connect.facebook.net\/es_ES\/sdk.js#xfbml=1&#038;version=v3.3\"><\/script><\/p>\n","protected":false},"excerpt":{"rendered":"<p>El Servicio Penitenciario Provincial cuenta con 13 canes especializados en distintas \u00e1reas operativas y, dentro de ese equipo, se destacan Ankara y Atlas, dos ovejeros belga malinois que culminaron su etapa de servicio activo para iniciar una nueva etapa junto a sus familias. En ese marco, la Instituci\u00f3n organiz\u00f3 un acto de pase a retiro [&hellip;]<\/p>\n","protected":false},"author":2,"featured_media":65466,"comment_status":"","ping_status":"","sticky":false,"template":"","format":"standard","meta":{"footnotes":""},"categories":[8],"tags":[],"_links":{"self":[{"href":"https:\/\/maxradio923.com.ar\/index.php\/wp-json\/wp\/v2\/posts\/65465"}],"collection":[{"href":"https:\/\/maxradio923.com.ar\/index.php\/wp-json\/wp\/v2\/posts"}],"about":[{"href":"https:\/\/maxradio923.com.ar\/index.php\/wp-json\/wp\/v2\/types\/post"}],"author":[{"embeddable":true,"href":"https:\/\/maxradio923.com.ar\/index.php\/wp-json\/wp\/v2\/users\/2"}],"replies":[{"embeddable":true,"href":"https:\/\/maxradio923.com.ar\/index.php\/wp-json\/wp\/v2\/comments?post=65465"}],"version-history":[{"count":0,"href":"https:\/\/maxradio923.com.ar\/index.php\/wp-json\/wp\/v2\/posts\/65465\/revisions"}],"wp:featuredmedia":[{"embeddable":true,"href":"https:\/\/maxradio923.com.ar\/index.php\/wp-json\/wp\/v2\/media\/65466"}],"wp:attachment":[{"href":"https:\/\/maxradio923.com.ar\/index.php\/wp-json\/wp\/v2\/media?parent=65465"}],"wp:term":[{"taxonomy":"category","embeddable":true,"href":"https:\/\/maxradio923.com.ar\/index.php\/wp-json\/wp\/v2\/categories?post=65465"},{"taxonomy":"post_tag","embeddable":true,"href":"https:\/\/maxradio923.com.ar\/index.php\/wp-json\/wp\/v2\/tags?post=65465"}],"curies":[{"name":"wp","href":"https:\/\/api.w.org\/{rel}","templated":true}]}}