{"id":65463,"date":"2025-12-20T08:43:02","date_gmt":"2025-12-20T11:43:02","guid":{"rendered":"https:\/\/maxradio923.com.ar\/index.php\/2025\/12\/20\/javier-milei-llega-a-brasil-para-participar-de-la-cumbre-del-mercosur-con-el-acuerdo-con-la-union-europea-en-stand-by\/"},"modified":"2025-12-20T08:43:02","modified_gmt":"2025-12-20T11:43:02","slug":"javier-milei-llega-a-brasil-para-participar-de-la-cumbre-del-mercosur-con-el-acuerdo-con-la-union-europea-en-stand-by","status":"publish","type":"post","link":"https:\/\/maxradio923.com.ar\/index.php\/2025\/12\/20\/javier-milei-llega-a-brasil-para-participar-de-la-cumbre-del-mercosur-con-el-acuerdo-con-la-union-europea-en-stand-by\/","title":{"rendered":"Javier Milei llega a Brasil para participar de la cumbre del Mercosur, con el acuerdo con la Uni\u00f3n Europea en stand by"},"content":{"rendered":"<p><\/p>\n<h2 class=\"article-subheadline text_align_left\">El anuncio de una nueva fecha para la suscripci\u00f3n del tratado comercial genera incertidumbre entre los pa\u00edses sudamericanos. El Gobierno argentino pedir\u00e1 mayor apertura comercial<\/h2>\n<p><\/p>\n<p class=\"paragraph\">La <b>postergaci\u00f3n de la firma<\/b> del acuerdo de libre comercio entre la Uni\u00f3n Europea y el Mercosur, anunciada por la presidenta de la Comisi\u00f3n Europea, <b>Ursula von der Leyen<\/b>, ha transformado la cumbre de l\u00edderes del bloque sudamericano en Foz de Iguaz\u00fa en un encuentro sin grandes definiciones. La nueva fecha propuesta por Bruselas es el 12 de enero, aunque la reiteraci\u00f3n de aplazamientos genera escepticismo entre las canciller\u00edas del Mercosur.<\/p>\n<p><\/p>\n<p class=\"paragraph\">El Gobierno de Italia confirm\u00f3 la conversaci\u00f3n entre Meloni y Lula y reiter\u00f3 en un comunicado oficial su disposici\u00f3n a firmar el tratado tan pronto como se atiendan las demandas de los agricultores, en funci\u00f3n de las decisiones de la Comisi\u00f3n Europea. El respaldo de Italia a la postura de Francia, Polonia y Hungr\u00eda result\u00f3 determinante para bloquear la votaci\u00f3n prevista en el Consejo de la Uni\u00f3n Europea, ya que la normativa exige la oposici\u00f3n de al menos cuatro de los veintisiete pa\u00edses miembros que representen el 35% de la poblaci\u00f3n del bloque. Este giro supuso un rev\u00e9s para la Comisi\u00f3n Europea, as\u00ed como para <b>Alemania<\/b>, <b>Espa\u00f1a<\/b> y los pa\u00edses n\u00f3rdicos, que defend\u00edan la aprobaci\u00f3n inmediata y advirtieron sobre las posibles consecuencias de una nueva postergaci\u00f3n.<\/p>\n<p><\/p>\n<p class=\"paragraph\">Mientras tanto, la tensi\u00f3n se traslad\u00f3 a las calles de Bruselas, donde, seg\u00fan la polic\u00eda local, <b>7.300 personas y unos 50 tractores<\/b> se manifestaron frente a la sede de la reuni\u00f3n en una protesta autorizada que transcurri\u00f3 sin incidentes relevantes. Los agricultores europeos han intensificado sus reclamos ante la posibilidad de que el acuerdo facilite la entrada de productos sudamericanos como carne vacuna, az\u00facar, arroz, miel y soja, cuyos est\u00e1ndares regulatorios consideran menos estrictos.<\/p>\n<p><\/p>\n<p class=\"paragraph\">El presidente franc\u00e9s, <b>Emmanuel Macron<\/b>, reiter\u00f3 que Francia no respaldar\u00e1 el acuerdo, ni siquiera tras las modificaciones introducidas por el Parlamento Europeo para atender las demandas francesas. Macron declar\u00f3: <b>\u201cQuiero decir a nuestros agricultores, que han dejado clara la postura de Francia desde el principio: consideramos que a\u00fan no hemos llegado a ese punto, y el acuerdo no puede firmarse [tal como est\u00e1]\u201d<\/b>, y prometi\u00f3 oponerse a cualquier \u201cintento de forzar la aprobaci\u00f3n\u201d. Lula, por su parte, expres\u00f3 que la oposici\u00f3n de Francia no le sorprendi\u00f3, pero s\u00ed la de Italia, y relat\u00f3 que incluso convers\u00f3 con la primera dama francesa, <b>Brigitte Macron<\/b>, para intentar persuadir al presidente franc\u00e9s de apoyar el pacto con Brasil. Lula afirm\u00f3: <b>\u201cFrancia no tiene mucho que perder con la agricultura brasile\u00f1a\u201d<\/b>.<\/p>\n<p><\/p>\n<p class=\"paragraph\">En el plano regional, Milei aprovechar\u00e1 la cumbre para insistir en la necesidad de <b>flexibilizar el Mercosur<\/b> y permitir mayores acuerdos bilaterales, una postura que Argentina sostiene en sus conversaciones con socios regionales y globales. El canciller argentino, <b>Pablo Quirno<\/b>, particip\u00f3 de las primeras reuniones del bloque y explic\u00f3 a <i>TN<\/i>: <b>\u201cEntendemos que hay que flexibilizar porque la din\u00e1mica de las negociaciones hoy en d\u00eda tienen una urgencia distinta a la que vemos, por ejemplo, con la Uni\u00f3n Europea, donde llevamos 26 a\u00f1os negociando\u201d<\/b>. Milei tambi\u00e9n buscar\u00e1 avanzar en las conversaciones en curso con <b>Emiratos \u00c1rabes Unidos<\/b>, <b>Canad\u00e1<\/b> y <b>Jap\u00f3n<\/b>, reflejando su visi\u00f3n de libre mercado.<\/p>\n<p><\/p>\n<p class=\"paragraph\">Adem\u00e1s, la representaci\u00f3n argentina llevar\u00e1 a la cumbre la denuncia de violaciones a los derechos humanos en <b>Venezuela<\/b> bajo el mandato de <b>Nicol\u00e1s Maduro<\/b> y el pedido de liberaci\u00f3n del gendarme <b>Nahuel Gallo<\/b>, un punto que podr\u00eda generar diferencias con Lula, aunque sin confrontaci\u00f3n directa.<\/p>\n","protected":false},"excerpt":{"rendered":"<p>El anuncio de una nueva fecha para la suscripci\u00f3n del tratado comercial genera incertidumbre entre los pa\u00edses sudamericanos. El Gobierno argentino pedir\u00e1 mayor apertura comercial La postergaci\u00f3n de la firma del acuerdo de libre comercio entre la Uni\u00f3n Europea y el Mercosur, anunciada por la presidenta de la Comisi\u00f3n Europea, Ursula von der Leyen, ha [&hellip;]<\/p>\n","protected":false},"author":2,"featured_media":65464,"comment_status":"","ping_status":"","sticky":false,"template":"","format":"standard","meta":{"footnotes":""},"categories":[12],"tags":[],"_links":{"self":[{"href":"https:\/\/maxradio923.com.ar\/index.php\/wp-json\/wp\/v2\/posts\/65463"}],"collection":[{"href":"https:\/\/maxradio923.com.ar\/index.php\/wp-json\/wp\/v2\/posts"}],"about":[{"href":"https:\/\/maxradio923.com.ar\/index.php\/wp-json\/wp\/v2\/types\/post"}],"author":[{"embeddable":true,"href":"https:\/\/maxradio923.com.ar\/index.php\/wp-json\/wp\/v2\/users\/2"}],"replies":[{"embeddable":true,"href":"https:\/\/maxradio923.com.ar\/index.php\/wp-json\/wp\/v2\/comments?post=65463"}],"version-history":[{"count":0,"href":"https:\/\/maxradio923.com.ar\/index.php\/wp-json\/wp\/v2\/posts\/65463\/revisions"}],"wp:featuredmedia":[{"embeddable":true,"href":"https:\/\/maxradio923.com.ar\/index.php\/wp-json\/wp\/v2\/media\/65464"}],"wp:attachment":[{"href":"https:\/\/maxradio923.com.ar\/index.php\/wp-json\/wp\/v2\/media?parent=65463"}],"wp:term":[{"taxonomy":"category","embeddable":true,"href":"https:\/\/maxradio923.com.ar\/index.php\/wp-json\/wp\/v2\/categories?post=65463"},{"taxonomy":"post_tag","embeddable":true,"href":"https:\/\/maxradio923.com.ar\/index.php\/wp-json\/wp\/v2\/tags?post=65463"}],"curies":[{"name":"wp","href":"https:\/\/api.w.org\/{rel}","templated":true}]}}