{"id":65457,"date":"2025-12-20T08:18:02","date_gmt":"2025-12-20T11:18:02","guid":{"rendered":"https:\/\/maxradio923.com.ar\/index.php\/2025\/12\/20\/finaliza-la-primera-etapa-de-restauracion-de-la-hosteria-del-parque-quebrada-de-zonda\/"},"modified":"2025-12-20T08:18:02","modified_gmt":"2025-12-20T11:18:02","slug":"finaliza-la-primera-etapa-de-restauracion-de-la-hosteria-del-parque-quebrada-de-zonda","status":"publish","type":"post","link":"https:\/\/maxradio923.com.ar\/index.php\/2025\/12\/20\/finaliza-la-primera-etapa-de-restauracion-de-la-hosteria-del-parque-quebrada-de-zonda\/","title":{"rendered":"Finaliza la primera etapa de restauraci\u00f3n de la Hoster\u00eda del Parque Quebrada de Zonda"},"content":{"rendered":"<p><\/p>\n<div>\n<p><span style=\"font-weight: 400;\">El Ministerio de Infraestructura, Agua y Energ\u00eda <\/span><b>ejecuta la renovaci\u00f3n integral<\/b><span style=\"font-weight: 400;\"> de la <\/span><b>Hoster\u00eda Domingo Faustino Sarmiento<\/b><span style=\"font-weight: 400;\">, ubicada en el <\/span><b>Parque Quebrada de Zonda<\/b><span style=\"font-weight: 400;\">. Se trata de una intervenci\u00f3n orientada a la <\/span><b>restauraci\u00f3n, refuncionalizaci\u00f3n y puesta en valor<\/b><span style=\"font-weight: 400;\"> del edificio, respetando su <\/span><b>car\u00e1cter hist\u00f3rico<\/b><span style=\"font-weight: 400;\"> y su <\/span><b>integraci\u00f3n al entorno natural<\/b><span style=\"font-weight: 400;\"> del parque provincial.<\/span><\/p>\n<p><span style=\"font-weight: 400;\"><\/p>\n<div class=\"embera-embed-responsive embera-embed-responsive-photo embera-embed-responsive-provider-flickr\"><img decoding=\"async\" class=\"embera-embed-responsive-item embera-embed-responsive-item-photo\" src=\"https:\/\/live.staticflickr.com\/65535\/54993879456_bf1284af4b_b.jpg\" alt=\"2025\/12\/19 INFRAESTRUCTURA Finaliza la primera etapa de restauraci\u00f3n de la Hoster\u00eda del Parque Quebrada de Zonda\"\/><\/div>\n<p><\/span><\/p>\n<p><span style=\"font-weight: 400;\">Las obras se planificaron en <\/span><b>dos etapas<\/b><span style=\"font-weight: 400;\">. La primera comenz\u00f3 en febrero e incluy\u00f3 tareas de <\/span><b>demolici\u00f3n, restauraci\u00f3n y reconstrucci\u00f3n<\/b><span style=\"font-weight: 400;\"> del edificio. Esta instancia se encuentra pr\u00e1cticamente finalizada, restando <\/span><b>ajustes y detalles menores<\/b><span style=\"font-weight: 400;\">. En paralelo, se proyecta una <\/span><b>segunda etapa<\/b><span style=\"font-weight: 400;\"> vinculada a la <\/span><b>expansi\u00f3n exterior<\/b><span style=\"font-weight: 400;\">, que contempla la generaci\u00f3n de <\/span><b>nuevos espacios con sombra<\/b><span style=\"font-weight: 400;\">, el tratamiento de <\/span><b>terrazas<\/b><span style=\"font-weight: 400;\"> y la incorporaci\u00f3n de <\/span><b>soluciones de bajo impacto visual<\/b><span style=\"font-weight: 400;\"> para su integraci\u00f3n definitiva al circuito del parque.<\/span><\/p>\n<p><b>Intervenciones interiores y \u00e1reas de servicio<\/b><\/p>\n<p><span style=\"font-weight: 400;\">En el interior del edificio se colocaron <\/span><b>pisos nuevos de porcelanato<\/b><span style=\"font-weight: 400;\"> y se realiz\u00f3 una <\/span><b>pintura integral<\/b><span style=\"font-weight: 400;\">. Adem\u00e1s, se incorpor\u00f3 un <\/span><b>tratamiento est\u00e9tico con piedra<\/b><span style=\"font-weight: 400;\"> en sectores espec\u00edficos, destacando el <\/span><b>\u00e1rea central circular<\/b><span style=\"font-weight: 400;\">. La cocina fue renovada por completo, con una <\/span><b>disposici\u00f3n m\u00e1s funcional<\/b><span style=\"font-weight: 400;\">, la incorporaci\u00f3n de un <\/span><b>sector de cocina sin TACC<\/b><span style=\"font-weight: 400;\"> y nuevos espacios de apoyo, dep\u00f3sitos y \u00e1reas de servicio.<\/span><\/p>\n<p><span style=\"font-weight: 400;\"><\/p>\n<div class=\"embera-embed-responsive embera-embed-responsive-photo embera-embed-responsive-provider-flickr\"><img decoding=\"async\" class=\"embera-embed-responsive-item embera-embed-responsive-item-photo\" src=\"https:\/\/live.staticflickr.com\/65535\/54994139214_d07fd122df_b.jpg\" alt=\"2025\/12\/19 INFRAESTRUCTURA Finaliza la primera etapa de restauraci\u00f3n de la Hoster\u00eda del Parque Quebrada de Zonda\"\/><\/div>\n<p><\/span><\/p>\n<p><span style=\"font-weight: 400;\">Asimismo, se <\/span><b>refuncionalizaron sectores administrativos<\/b><span style=\"font-weight: 400;\">, se generaron <\/span><b>espacios estancos para el dep\u00f3sito de alimentos<\/b><span style=\"font-weight: 400;\">, evitando filtraciones de polvo y humedad, y se definieron <\/span><b>accesos espec\u00edficos para carga y descarga<\/b><span style=\"font-weight: 400;\">, minimizando interferencias con las \u00e1reas de uso p\u00fablico.<\/span><\/p>\n<p><span style=\"font-weight: 400;\"><\/p>\n<div class=\"embera-embed-responsive embera-embed-responsive-photo embera-embed-responsive-provider-flickr\"><img decoding=\"async\" class=\"embera-embed-responsive-item embera-embed-responsive-item-photo\" src=\"https:\/\/live.staticflickr.com\/65535\/54994058358_1d67335396_b.jpg\" alt=\"2025\/12\/19 INFRAESTRUCTURA Finaliza la primera etapa de restauraci\u00f3n de la Hoster\u00eda del Parque Quebrada de Zonda\"\/><\/div>\n<p><\/span><\/p>\n<p><b>Restauraci\u00f3n exterior y recuperaci\u00f3n de carpinter\u00edas<\/b><\/p>\n<p><span style=\"font-weight: 400;\">Uno de los ejes centrales de la intervenci\u00f3n fue la <\/span><b>restauraci\u00f3n de las carpinter\u00edas originales<\/b><span style=\"font-weight: 400;\">. Las piezas existentes se conservaron y recuperaron siempre que su estado lo permiti\u00f3. En los sectores donde el deterioro era irreversible, se incorporaron <\/span><b>nuevas carpinter\u00edas<\/b><span style=\"font-weight: 400;\"> que respetan el <\/span><b>dise\u00f1o original<\/b><span style=\"font-weight: 400;\"> del edificio.<\/span><\/p>\n<p><span style=\"font-weight: 400;\">Adem\u00e1s, se trabaj\u00f3 en el <\/span><b>reacondicionamiento de elementos exteriores<\/b><span style=\"font-weight: 400;\"> y en la <\/span><b>conservaci\u00f3n del cartel hist\u00f3rico<\/b><span style=\"font-weight: 400;\">, intervenido bajo <\/span><b>criterios patrimoniales<\/b><span style=\"font-weight: 400;\">.<\/span><\/p>\n<p><span style=\"font-weight: 400;\">Fachadas, muros y cubiertas<\/span><\/p>\n<p><span style=\"font-weight: 400;\">Se ejecut\u00f3 un <\/span><b>nuevo muro exterior<\/b><span style=\"font-weight: 400;\"> que reemplaz\u00f3 estructuras deterioradas, manteniendo como eje la <\/span><b>puesta en valor del volumen circular<\/b><span style=\"font-weight: 400;\">, principal rasgo distintivo de la hoster\u00eda. El cerramiento fue revestido con <\/span><b>piedra similar a la del cerro<\/b><span style=\"font-weight: 400;\">, integrando el edificio al paisaje y <\/span><b>reforzando su identidad<\/b><span style=\"font-weight: 400;\">. Este criterio se replic\u00f3 en sectores del interior, generando <\/span><b>continuidad visual<\/b><span style=\"font-weight: 400;\"> entre exterior e interior.<\/span><\/p>\n<p><span style=\"font-weight: 400;\"><\/p>\n<div class=\"embera-embed-responsive embera-embed-responsive-photo embera-embed-responsive-provider-flickr\"><img decoding=\"async\" class=\"embera-embed-responsive-item embera-embed-responsive-item-photo\" src=\"https:\/\/live.staticflickr.com\/65535\/54994058388_b869277daa_b.jpg\" alt=\"2025\/12\/19 INFRAESTRUCTURA Finaliza la primera etapa de restauraci\u00f3n de la Hoster\u00eda del Parque Quebrada de Zonda\"\/><\/div>\n<p><\/span><\/p>\n<p><span style=\"font-weight: 400;\">En cuanto a las cubiertas, se realiz\u00f3 la <\/span><b>reparaci\u00f3n integral de los techos con tejas<\/b><span style=\"font-weight: 400;\">, reutilizando las piezas existentes. Tambi\u00e9n se incorpor\u00f3 una <\/span><b>nueva cintura estructural<\/b><span style=\"font-weight: 400;\">. Adem\u00e1s, se reacondicionaron cielorrasos y estructuras afectadas por filtraciones, lo que permiti\u00f3 <\/span><b>resolver problemas hist\u00f3ricos de humedad<\/b><span style=\"font-weight: 400;\"> y <\/span><b>proteger equipamiento<\/b><span style=\"font-weight: 400;\"> que anteriormente se encontraba expuesto.<\/span><\/p>\n<p><b>Instalaciones, servicios y accesibilidad<\/b><\/p>\n<p><span style=\"font-weight: 400;\">La obra incluy\u00f3 la <\/span><b>renovaci\u00f3n completa de las instalaciones el\u00e9ctricas, sanitarias y de gas<\/b><span style=\"font-weight: 400;\">, junto con la ejecuci\u00f3n desde cero del <\/span><b>sistema de bombas y tanques<\/b><span style=\"font-weight: 400;\">, con una <\/span><b>sala de m\u00e1quinas cerrada y protegida<\/b><span style=\"font-weight: 400;\">. Todos los sistemas <\/span><b>cuentan con las habilitaciones municipales y de bomberos<\/b><span style=\"font-weight: 400;\"> correspondientes.<\/span><\/p>\n<p><span style=\"font-weight: 400;\"><\/p>\n<div class=\"embera-embed-responsive embera-embed-responsive-photo embera-embed-responsive-provider-flickr\"><img decoding=\"async\" class=\"embera-embed-responsive-item embera-embed-responsive-item-photo\" src=\"https:\/\/live.staticflickr.com\/65535\/54992995192_bf20209dc4_b.jpg\" alt=\"2025\/12\/19 INFRAESTRUCTURA Finaliza la primera etapa de restauraci\u00f3n de la Hoster\u00eda del Parque Quebrada de Zonda\"\/><\/div>\n<p><\/span><\/p>\n<p><span style=\"font-weight: 400;\">Tambi\u00e9n se ejecut\u00f3 un <\/span><b>n\u00facleo sanitario nuevo<\/b><span style=\"font-weight: 400;\"> que incorpora un <\/span><b>ba\u00f1o accesible para personas con discapacidad<\/b><span style=\"font-weight: 400;\">. Se adecuaron rampas y accesos, se reacondicionaron barandas y se incorpor\u00f3 <\/span><b>se\u00f1al\u00e9tica<\/b><span style=\"font-weight: 400;\">, garantizando <\/span><b>condiciones de accesibilidad y seguridad<\/b><span style=\"font-weight: 400;\">.<\/span><\/p>\n<p><b>Trabajo interministerial y enfoque patrimonial<\/b><\/p>\n<p><span style=\"font-weight: 400;\">La renovaci\u00f3n es el resultado de un <\/span><b>trabajo interministerial<\/b><span style=\"font-weight: 400;\"> entre el <\/span><b>Ministerio de Infraestructura, Agua y Energ\u00eda<\/b><span style=\"font-weight: 400;\"> y el <\/span><b>Ministerio de Turismo, Cultura y Deporte<\/b><span style=\"font-weight: 400;\">, llevado adelante por la <\/span><b>Direcci\u00f3n de Obras Menores<\/b><span style=\"font-weight: 400;\">, con la colaboraci\u00f3n permanente de la <\/span><b>Direcci\u00f3n del Parque Provincial Quebrada de Zonda, quienes ejecutaron el proyecto arquitect\u00f3nico en el marco del master plan del parque.<\/b><\/p>\n<p><span style=\"font-weight: 400;\">Dado que el edificio se encuentra en <\/span><b>proceso de declaraci\u00f3n patrimonial<\/b><span style=\"font-weight: 400;\">, todas las tareas se desarrollaron bajo pautas definidas por los organismos competentes, priorizando la <\/span><b>conservaci\u00f3n de elementos originales<\/b><span style=\"font-weight: 400;\"> y el <\/span><b>respeto por la arquitectura existente<\/b><span style=\"font-weight: 400;\">.<\/span><\/p>\n<p><span style=\"font-weight: 400;\">La intervenci\u00f3n deja atr\u00e1s <\/span><b>soluciones parciales y reparaciones aisladas<\/b><span style=\"font-weight: 400;\">, consolidando una obra <\/span><b>ordenada y coherente<\/b><span style=\"font-weight: 400;\"> que mejora la <\/span><b>durabilidad, funcionalidad y calidad arquitect\u00f3nica<\/b><span style=\"font-weight: 400;\"> del inmueble. Con esta puesta en valor, el <\/span><b>Gobierno de San Juan<\/b><span style=\"font-weight: 400;\"> recupera un edificio hist\u00f3rico y sienta las bases para su consolidaci\u00f3n como un <\/span><b>punto estrat\u00e9gico del sistema tur\u00edstico y recreativo<\/b><span style=\"font-weight: 400;\"> del parque provincial.<\/span><\/p>\n<\/p><\/div>\n<p><script async defer crossorigin=\"anonymous\" src=\"https:\/\/connect.facebook.net\/es_ES\/sdk.js#xfbml=1&#038;version=v3.3\"><\/script><\/p>\n","protected":false},"excerpt":{"rendered":"<p>El Ministerio de Infraestructura, Agua y Energ\u00eda ejecuta la renovaci\u00f3n integral de la Hoster\u00eda Domingo Faustino Sarmiento, ubicada en el Parque Quebrada de Zonda. Se trata de una intervenci\u00f3n orientada a la restauraci\u00f3n, refuncionalizaci\u00f3n y puesta en valor del edificio, respetando su car\u00e1cter hist\u00f3rico y su integraci\u00f3n al entorno natural del parque provincial. Las obras [&hellip;]<\/p>\n","protected":false},"author":2,"featured_media":65458,"comment_status":"","ping_status":"","sticky":false,"template":"","format":"standard","meta":{"footnotes":""},"categories":[8],"tags":[],"_links":{"self":[{"href":"https:\/\/maxradio923.com.ar\/index.php\/wp-json\/wp\/v2\/posts\/65457"}],"collection":[{"href":"https:\/\/maxradio923.com.ar\/index.php\/wp-json\/wp\/v2\/posts"}],"about":[{"href":"https:\/\/maxradio923.com.ar\/index.php\/wp-json\/wp\/v2\/types\/post"}],"author":[{"embeddable":true,"href":"https:\/\/maxradio923.com.ar\/index.php\/wp-json\/wp\/v2\/users\/2"}],"replies":[{"embeddable":true,"href":"https:\/\/maxradio923.com.ar\/index.php\/wp-json\/wp\/v2\/comments?post=65457"}],"version-history":[{"count":0,"href":"https:\/\/maxradio923.com.ar\/index.php\/wp-json\/wp\/v2\/posts\/65457\/revisions"}],"wp:featuredmedia":[{"embeddable":true,"href":"https:\/\/maxradio923.com.ar\/index.php\/wp-json\/wp\/v2\/media\/65458"}],"wp:attachment":[{"href":"https:\/\/maxradio923.com.ar\/index.php\/wp-json\/wp\/v2\/media?parent=65457"}],"wp:term":[{"taxonomy":"category","embeddable":true,"href":"https:\/\/maxradio923.com.ar\/index.php\/wp-json\/wp\/v2\/categories?post=65457"},{"taxonomy":"post_tag","embeddable":true,"href":"https:\/\/maxradio923.com.ar\/index.php\/wp-json\/wp\/v2\/tags?post=65457"}],"curies":[{"name":"wp","href":"https:\/\/api.w.org\/{rel}","templated":true}]}}