{"id":65455,"date":"2025-12-20T07:52:02","date_gmt":"2025-12-20T10:52:02","guid":{"rendered":"https:\/\/maxradio923.com.ar\/index.php\/2025\/12\/20\/balance-positivo-del-programa-ronda-de-mujeres-en-el-cdi-de-rawson\/"},"modified":"2025-12-20T07:52:02","modified_gmt":"2025-12-20T10:52:02","slug":"balance-positivo-del-programa-ronda-de-mujeres-en-el-cdi-de-rawson","status":"publish","type":"post","link":"https:\/\/maxradio923.com.ar\/index.php\/2025\/12\/20\/balance-positivo-del-programa-ronda-de-mujeres-en-el-cdi-de-rawson\/","title":{"rendered":"Balance positivo del programa Ronda de Mujeres en el CDI de Rawson"},"content":{"rendered":"<p><\/p>\n<div>\n<p>El jueves 18 de diciembre se realiz\u00f3 el cierre de actividades del programa Ronda de Mujeres, en el CDI \u201cHogar de Luz\u201d ubicado en el barrio La Estaci\u00f3n, en Rawson. Justamente en este Centro de Desarrollo Infantil no s\u00f3lo concurren beb\u00e9s, ni\u00f1os y ni\u00f1as de 45 d\u00edas a 3 a\u00f1os, sino tambi\u00e9n sus mam\u00e1s para recibir contenci\u00f3n, acompa\u00f1amiento y formaci\u00f3n a trav\u00e9s de este espacio de di\u00e1logo, intercambio y empoderamiento a trav\u00e9s de herramientas de autogesti\u00f3n para resolver problemas cotidianos.<\/p>\n<p>All\u00ed todos los jueves -desde septiembre a diciembre- se llevaron a cabo los encuentros de Ronda de Mujeres, propuesto por la psic\u00f3loga social y acompa\u00f1ante terap\u00e9utica Mariana Benegas, las trabajadoras sociales, Gabriela Hern\u00e1ndez y Mar\u00eda Eugenia Mestre, parte del equipo t\u00e9cnico de la Direcci\u00f3n de Pol\u00edticas para la Equidad. Participaron m\u00e1s de 30 mam\u00e1s, de diferentes edades y situaciones sociales y personales, que se mostraron m\u00e1s que satisfechas con los resultados de las experiencias adquiridas en los talleres y charlas semanales, en los que abordaron tem\u00e1ticas como autoestima, econom\u00eda familiar, salud, resoluci\u00f3n de conflictos, desigualdad de g\u00e9nero, consumos problem\u00e1ticos, derechos de las mujeres, entre otras. Tambi\u00e9n en paralelo a los momentos de reflexi\u00f3n y vivencias compartidas, aprendieron a realizar diferentes artesan\u00edas y manualidades.<\/p>\n<p>Este CDI es tambi\u00e9n la sede de CONIN (Cooperadora de la Nutrici\u00f3n Infantil), una entidad nacional que se ocupa de realizar un abordaje integral e interdisciplinario de los ni\u00f1os y sus entornos para erradicar la desnutrici\u00f3n infantil. La tarea nutricional que hacen se centra no s\u00f3lo en la alimentaci\u00f3n correcta, saludable y suficiente, sino adem\u00e1s en apostar al acompa\u00f1amiento a las familias en situaciones complicadas. Su acci\u00f3n se basa en la importancia de los \u201c1000 d\u00edas de oro\u201d, que abarca desde la gestaci\u00f3n hasta los 2 primeros a\u00f1os de vida, extendi\u00e9ndose hasta los 5 a\u00f1os de gu\u00eda al ni\u00f1o y a su entorno por un equipo de profesionales que brindan atenci\u00f3n m\u00e9dica pedi\u00e1trica, nutricional, psicopedag\u00f3gica y social.<\/p>\n<p>Es por eso que en el encuentro de actividades estuvo presente el ministro de Familia y Desarrollo Humano, Carlos Platero; la directora de Pol\u00edticas para la Equidad, Nathalia S\u00e1nchez y su equipo t\u00e9cnico, adem\u00e1s la presidente de la Fundaci\u00f3n CONIN, Mercedes G\u00f3mez y las voluntarias que trabajan para esa entidad, adem\u00e1s de las mam\u00e1s, algunos pap\u00e1s y los beb\u00e9s que concurren al lugar.<\/p>\n<p>En la oportunidad, se hizo entrega de m\u00f3dulos navide\u00f1os y alimentarios, adem\u00e1s de juguetes donados a CONIN y las carpetas de trabajo anual.<\/p>\n<\/p><\/div>\n<p><script async defer crossorigin=\"anonymous\" src=\"https:\/\/connect.facebook.net\/es_ES\/sdk.js#xfbml=1&#038;version=v3.3\"><\/script><\/p>\n","protected":false},"excerpt":{"rendered":"<p>El jueves 18 de diciembre se realiz\u00f3 el cierre de actividades del programa Ronda de Mujeres, en el CDI \u201cHogar de Luz\u201d ubicado en el barrio La Estaci\u00f3n, en Rawson. Justamente en este Centro de Desarrollo Infantil no s\u00f3lo concurren beb\u00e9s, ni\u00f1os y ni\u00f1as de 45 d\u00edas a 3 a\u00f1os, sino tambi\u00e9n sus mam\u00e1s para [&hellip;]<\/p>\n","protected":false},"author":2,"featured_media":65456,"comment_status":"","ping_status":"","sticky":false,"template":"","format":"standard","meta":{"footnotes":""},"categories":[8],"tags":[],"_links":{"self":[{"href":"https:\/\/maxradio923.com.ar\/index.php\/wp-json\/wp\/v2\/posts\/65455"}],"collection":[{"href":"https:\/\/maxradio923.com.ar\/index.php\/wp-json\/wp\/v2\/posts"}],"about":[{"href":"https:\/\/maxradio923.com.ar\/index.php\/wp-json\/wp\/v2\/types\/post"}],"author":[{"embeddable":true,"href":"https:\/\/maxradio923.com.ar\/index.php\/wp-json\/wp\/v2\/users\/2"}],"replies":[{"embeddable":true,"href":"https:\/\/maxradio923.com.ar\/index.php\/wp-json\/wp\/v2\/comments?post=65455"}],"version-history":[{"count":0,"href":"https:\/\/maxradio923.com.ar\/index.php\/wp-json\/wp\/v2\/posts\/65455\/revisions"}],"wp:featuredmedia":[{"embeddable":true,"href":"https:\/\/maxradio923.com.ar\/index.php\/wp-json\/wp\/v2\/media\/65456"}],"wp:attachment":[{"href":"https:\/\/maxradio923.com.ar\/index.php\/wp-json\/wp\/v2\/media?parent=65455"}],"wp:term":[{"taxonomy":"category","embeddable":true,"href":"https:\/\/maxradio923.com.ar\/index.php\/wp-json\/wp\/v2\/categories?post=65455"},{"taxonomy":"post_tag","embeddable":true,"href":"https:\/\/maxradio923.com.ar\/index.php\/wp-json\/wp\/v2\/tags?post=65455"}],"curies":[{"name":"wp","href":"https:\/\/api.w.org\/{rel}","templated":true}]}}