{"id":65453,"date":"2025-12-20T06:19:02","date_gmt":"2025-12-20T09:19:02","guid":{"rendered":"https:\/\/maxradio923.com.ar\/index.php\/2025\/12\/20\/maxi-lopez-recordo-la-drastica-decision-que-tomo-para-no-entregarle-su-celular-a-wanda-nara-durante-su-relacion\/"},"modified":"2025-12-20T06:19:02","modified_gmt":"2025-12-20T09:19:02","slug":"maxi-lopez-recordo-la-drastica-decision-que-tomo-para-no-entregarle-su-celular-a-wanda-nara-durante-su-relacion","status":"publish","type":"post","link":"https:\/\/maxradio923.com.ar\/index.php\/2025\/12\/20\/maxi-lopez-recordo-la-drastica-decision-que-tomo-para-no-entregarle-su-celular-a-wanda-nara-durante-su-relacion\/","title":{"rendered":"Maxi L\u00f3pez record\u00f3 la dr\u00e1stica decisi\u00f3n que tom\u00f3 para no entregarle su celular a Wanda Nara durante su relaci\u00f3n"},"content":{"rendered":"<p><\/p>\n<h2 class=\"article-subheadline text_align_left\">El exfutbolista rememor\u00f3 uno de los momentos de tensi\u00f3n que vivi\u00f3 en su relaci\u00f3n con la medi\u00e1tica y cont\u00f3 por qu\u00e9 se arrepinti\u00f3 de su respuesta<\/h2>\n<p><\/p>\n<p class=\"paragraph\">A lo largo de los a\u00f1os, la relaci\u00f3n entre <b>Maxi L\u00f3pez<\/b><b> <\/b>y <b>Wanda Nara<\/b> atraves\u00f3 todo tipo de estados. Lo que parec\u00eda ser una guerra medi\u00e1tica y legal, poco a poco, se transform\u00f3 en un v\u00ednculo familiar de paz, al punto tal que, hoy en d\u00eda, el exfutbolista y la medi\u00e1tica disfrutan de un ida y vuelta cargado de humor en<b> <\/b><i><b>MasterChef Celebrity<\/b><\/i> (Telefe). A\u00fan as\u00ed, este viernes, el deportista sorprendi\u00f3 al recordar una de sus peores discusiones con su exesposa.<\/p>\n<p><\/p>\n<p class=\"paragraph\">Para cerrar dicha an\u00e9cdota, Maxi reflexion\u00f3: \u201cEra lo \u00faltimo en que pensaba el tel\u00e9fono. Cuando pens\u00e9, despu\u00e9s de dos segundos que termina la pelea con ella, digo: Era en esa \u00e9poca que vos ten\u00edas todo en el tel\u00e9fono, la agenda, el chip, todo. Digo: \u201c\u00bfQu\u00e9 hice?\u201d Y me fui y me quedaba mirando al mar: \u201cA ver, \u00bfme tiro o no me tiro?\u201d\u201d.<\/p>\n<p><\/p>\n<p class=\"paragraph\">En otro tramo de la charla, el conductor ahond\u00f3 en otra an\u00e9cdota: \u201c\u00bfEs verdad que Wanda te rompi\u00f3 una Ferrari? \u00bfEsto es as\u00ed?\u201d. Con sorpresa, Maxi expres\u00f3: \u201cS\u00ed. Uno de los ataques de Wanda, creo que era ira, celos, y yo la dej\u00e9 liberarse\u201d. Fue entonces cuando el comunicador le consult\u00f3 si la ten\u00eda asegurada, a lo que el exfutbolista brome\u00f3: \u201cContra Wanda no. Contra Wanda una Ferrari no te la asegura. O sea, te la revienta o te la revienta\u201d. <\/p>\n<p><\/p>\n<p class=\"paragraph\">Luego, L\u00f3pez continu\u00f3 relatando el contexto en el que se dio dicha acci\u00f3n: \u201cYo estaba en el estacionamiento, baja ella, pasa, esquivo, me prende un cigarrillo y lo primero que ve es la Ferrari ah\u00ed en el fondo. Esa era negra. Y veo que arranca. Y bueno, empec\u00e9 a fumar un pucho y ve\u00eda que iba, ven\u00eda, viva, ven\u00eda, \u00bfviste? Bueno, Wanda, cuando es eso, hay que dejarla ser. Despu\u00e9s, volvi\u00f3 mansita y, y me dijo: \u00bfte gust\u00f3? Fijate c\u00f3mo te qued\u00f3. Le digo: Bueno, est\u00e1 bien. \u00bfQu\u00e9 va a hacer?\u201d.<\/p>\n<p><\/p>\n<p class=\"paragraph\">\u201c\u00bfY mantuviste esa calma?\u201d, quiso saber el conductor, visiblemente preocupado, a lo que L\u00f3pez expres\u00f3: \u201cS\u00ed. Yo soy muy calmo. \u00bfViste el que dice que o la gana o la empata? No. Bueno, con Wanda es o perd\u00e9s o empat\u00e1s. No gan\u00e1s nunca. Entonces, ya asumiendo eso, uno se maneja diferente en la vida\u201d.<\/p>\n","protected":false},"excerpt":{"rendered":"<p>El exfutbolista rememor\u00f3 uno de los momentos de tensi\u00f3n que vivi\u00f3 en su relaci\u00f3n con la medi\u00e1tica y cont\u00f3 por qu\u00e9 se arrepinti\u00f3 de su respuesta A lo largo de los a\u00f1os, la relaci\u00f3n entre Maxi L\u00f3pez y Wanda Nara atraves\u00f3 todo tipo de estados. Lo que parec\u00eda ser una guerra medi\u00e1tica y legal, poco [&hellip;]<\/p>\n","protected":false},"author":2,"featured_media":65454,"comment_status":"","ping_status":"","sticky":false,"template":"","format":"standard","meta":{"footnotes":""},"categories":[12],"tags":[],"_links":{"self":[{"href":"https:\/\/maxradio923.com.ar\/index.php\/wp-json\/wp\/v2\/posts\/65453"}],"collection":[{"href":"https:\/\/maxradio923.com.ar\/index.php\/wp-json\/wp\/v2\/posts"}],"about":[{"href":"https:\/\/maxradio923.com.ar\/index.php\/wp-json\/wp\/v2\/types\/post"}],"author":[{"embeddable":true,"href":"https:\/\/maxradio923.com.ar\/index.php\/wp-json\/wp\/v2\/users\/2"}],"replies":[{"embeddable":true,"href":"https:\/\/maxradio923.com.ar\/index.php\/wp-json\/wp\/v2\/comments?post=65453"}],"version-history":[{"count":0,"href":"https:\/\/maxradio923.com.ar\/index.php\/wp-json\/wp\/v2\/posts\/65453\/revisions"}],"wp:featuredmedia":[{"embeddable":true,"href":"https:\/\/maxradio923.com.ar\/index.php\/wp-json\/wp\/v2\/media\/65454"}],"wp:attachment":[{"href":"https:\/\/maxradio923.com.ar\/index.php\/wp-json\/wp\/v2\/media?parent=65453"}],"wp:term":[{"taxonomy":"category","embeddable":true,"href":"https:\/\/maxradio923.com.ar\/index.php\/wp-json\/wp\/v2\/categories?post=65453"},{"taxonomy":"post_tag","embeddable":true,"href":"https:\/\/maxradio923.com.ar\/index.php\/wp-json\/wp\/v2\/tags?post=65453"}],"curies":[{"name":"wp","href":"https:\/\/api.w.org\/{rel}","templated":true}]}}