{"id":65451,"date":"2025-12-20T06:03:02","date_gmt":"2025-12-20T09:03:02","guid":{"rendered":"https:\/\/maxradio923.com.ar\/index.php\/2025\/12\/20\/0816detuvieron-a-la-madre-y-a-la-abuela-de-una-nena-de-7-anos-que-habria-sido-victima-de-explotacion-infantil-en-cordoba\/"},"modified":"2025-12-20T06:03:02","modified_gmt":"2025-12-20T09:03:02","slug":"0816detuvieron-a-la-madre-y-a-la-abuela-de-una-nena-de-7-anos-que-habria-sido-victima-de-explotacion-infantil-en-cordoba","status":"publish","type":"post","link":"https:\/\/maxradio923.com.ar\/index.php\/2025\/12\/20\/0816detuvieron-a-la-madre-y-a-la-abuela-de-una-nena-de-7-anos-que-habria-sido-victima-de-explotacion-infantil-en-cordoba\/","title":{"rendered":"08:16Detuvieron a la madre y a la abuela de una nena de 7 a\u00f1os que habr\u00eda sido v\u00edctima de explotaci\u00f3n infantil en C\u00f3rdoba"},"content":{"rendered":"<p><\/p>\n<h2 class=\"article-subheadline text_align_left\">El caso se dio a conocer, luego de que se recibiera una denuncia por parte de una organizaci\u00f3n internacional dedicada a combatir la explotaci\u00f3n infantil<\/h2>\n<p><\/p>\n<p class=\"paragraph\">En medio de una investigaci\u00f3n por explotaci\u00f3n de ni\u00f1os en internet, la <b>Polic\u00eda de C\u00f3rdoba<\/b><b> <\/b>realiz\u00f3 una serie de allanamientos en varias viviendas de la localidad de <b>Dean Funes<\/b>. Fue as\u00ed que se concret\u00f3 la detenci\u00f3n de dos mujeres, madre y abuela de una nena de 7 a\u00f1os, que habr\u00eda sido v\u00edctima de este delito.<\/p>\n<p><\/p>\n<p class=\"paragraph\">De acuerdo con la informaci\u00f3n publicada por <i>El Doce.tv, e<\/i>n los domicilios allanados, los agentes incautaron <b>dos tel\u00e9fonos celulares<\/b>, prendas de vestir y otros objetos considerados relevantes para la investigaci\u00f3n, los cuales quedaron bajo resguardo judicial.<\/p>\n<p><\/p>\n<p class=\"paragraph\">Tanto las detenidas como los elementos secuestrados fueron trasladados a la sede policial y permanecen a disposici\u00f3n del magistrado a cargo. No obstante, no se obtuvieron detalles sobre el estado y futuro de la menor que habr\u00eda sido v\u00edctima de sus familiares.<\/p>\n<p><\/p>\n<p class=\"paragraph\">La <b>Justicia de C\u00f3rdoba<\/b> dict\u00f3 una de las sentencias m\u00e1s severas de los \u00faltimos a\u00f1os en materia de delitos sexuales intrafamiliares, al condenar a <b>15 a\u00f1os de prisi\u00f3n efectiva<\/b> a un hombre hallado culpable de abusos sexuales continuados y gravemente ultrajantes contra dos menores de su entorno familiar.<\/p>\n<p><\/p>\n<p class=\"paragraph\">En la audiencia de juicio, la secretaria de C\u00e1mara, <b>Claudia Funes<\/b>, procedi\u00f3 a la lectura del fallo, que dispuso la inmediata detenci\u00f3n y traslado del condenado a la unidad penitenciaria de <b>Villa Dolores<\/b>. El fiscal de C\u00e1mara, <b>Sergio Cuello<\/b>, hab\u00eda solicitado una condena a\u00fan mayor, de 16 a\u00f1os, y argument\u00f3 la necesidad de prisi\u00f3n preventiva por el alto riesgo de fuga, ya que el acusado carec\u00eda de domicilio fijo y exist\u00eda la sospecha de que intentar\u00eda salir del pa\u00eds hacia Uruguay.<\/p>\n<p><\/p>\n<p class=\"paragraph\">Tras evaluarse el caso, la C\u00e1mara estableci\u00f3 una pena de quince a\u00f1os de cumplimiento efectivo, ejecutada en el acto. Entre los argumentos dados a conocer, se consider\u00f3 probado el profundo da\u00f1o en la salud mental de las v\u00edctimas, un factor que result\u00f3 determinante para la magnitud de la pena.<\/p>\n","protected":false},"excerpt":{"rendered":"<p>El caso se dio a conocer, luego de que se recibiera una denuncia por parte de una organizaci\u00f3n internacional dedicada a combatir la explotaci\u00f3n infantil En medio de una investigaci\u00f3n por explotaci\u00f3n de ni\u00f1os en internet, la Polic\u00eda de C\u00f3rdoba realiz\u00f3 una serie de allanamientos en varias viviendas de la localidad de Dean Funes. Fue [&hellip;]<\/p>\n","protected":false},"author":2,"featured_media":65452,"comment_status":"","ping_status":"","sticky":false,"template":"","format":"standard","meta":{"footnotes":""},"categories":[12],"tags":[],"_links":{"self":[{"href":"https:\/\/maxradio923.com.ar\/index.php\/wp-json\/wp\/v2\/posts\/65451"}],"collection":[{"href":"https:\/\/maxradio923.com.ar\/index.php\/wp-json\/wp\/v2\/posts"}],"about":[{"href":"https:\/\/maxradio923.com.ar\/index.php\/wp-json\/wp\/v2\/types\/post"}],"author":[{"embeddable":true,"href":"https:\/\/maxradio923.com.ar\/index.php\/wp-json\/wp\/v2\/users\/2"}],"replies":[{"embeddable":true,"href":"https:\/\/maxradio923.com.ar\/index.php\/wp-json\/wp\/v2\/comments?post=65451"}],"version-history":[{"count":0,"href":"https:\/\/maxradio923.com.ar\/index.php\/wp-json\/wp\/v2\/posts\/65451\/revisions"}],"wp:featuredmedia":[{"embeddable":true,"href":"https:\/\/maxradio923.com.ar\/index.php\/wp-json\/wp\/v2\/media\/65452"}],"wp:attachment":[{"href":"https:\/\/maxradio923.com.ar\/index.php\/wp-json\/wp\/v2\/media?parent=65451"}],"wp:term":[{"taxonomy":"category","embeddable":true,"href":"https:\/\/maxradio923.com.ar\/index.php\/wp-json\/wp\/v2\/categories?post=65451"},{"taxonomy":"post_tag","embeddable":true,"href":"https:\/\/maxradio923.com.ar\/index.php\/wp-json\/wp\/v2\/tags?post=65451"}],"curies":[{"name":"wp","href":"https:\/\/api.w.org\/{rel}","templated":true}]}}