{"id":653,"date":"2023-08-28T11:54:22","date_gmt":"2023-08-28T09:54:22","guid":{"rendered":"https:\/\/maxradio923.com\/index.php\/2023\/08\/28\/alumnos-y-profesores-rendiran-homenaje-a-una-maestra-de-piano-en-el-auditorio-juan-victoria\/"},"modified":"2023-08-28T11:54:22","modified_gmt":"2023-08-28T09:54:22","slug":"alumnos-y-profesores-rendiran-homenaje-a-una-maestra-de-piano-en-el-auditorio-juan-victoria","status":"publish","type":"post","link":"https:\/\/maxradio923.com.ar\/index.php\/2023\/08\/28\/alumnos-y-profesores-rendiran-homenaje-a-una-maestra-de-piano-en-el-auditorio-juan-victoria\/","title":{"rendered":"Alumnos y profesores rendir\u00e1n homenaje a una maestra de piano en el Auditorio Juan Victoria"},"content":{"rendered":"<p><img decoding=\"async\" src=\"https:\/\/diariod3.com\/inicio\/wp-content\/uploads\/2023\/08\/920b00368915639d687b49490aafc9a5_L.jpg\"\/><br \/>\nLa C\u00e1tedra de Piano del Departamento de M\u00fasica de la Facultad de Filosof\u00eda, Humanidades y Artes celebrar\u00e1 la trayectoria de la profesora Josefina Fern\u00e1ndez Nespral de Ortiz en un concierto que se realizar\u00e1 el 24 de agosto a las 21.<\/p>\n<p><a href=\"https:\/\/sisanjuan.b-cdn.net\/media\/k2\/items\/cache\/920b00368915639d687b49490aafc9a5_XL.jpg\" rel=\"noreferrer noopener\" target=\"_blank\"><img decoding=\"async\" src=\"https:\/\/sisanjuan.b-cdn.net\/media\/k2\/items\/cache\/920b00368915639d687b49490aafc9a5_L.jpg\" alt=\"Alumnos y profesores rendir\u00e1n homenaje a una maestra de piano en el Auditorio Juan Victoria\"\/> <\/a>Adri\u00e1n Carrizo<\/p>\n<p>En el marco de los festejos por el 50\u00b0 aniversario de la Universidad Nacional de San Juan, el pr\u00f3ximo jueves 24 de agosto a las 21 se llevar\u00e1 a cabo un destacado concierto en el Auditorio Juan Victoria, dependiente del Ministerio de Turismo y Cultura. El evento, parte del Ciclo \u00abHomenaje a maestros de maestros\u00bb, rendir\u00e1 tributo a la profesora Josefina Fern\u00e1ndez Nespral de Ortiz, pianista y experta en repertorio de compositores espa\u00f1oles.<\/p>\n<p>El concierto, de entrada libre y gratuita, promete una noche inolvidable en la que profesores y alumnos de la C\u00e1tedra de Piano del Departamento de M\u00fasica de la Facultad de Filosof\u00eda, Humanidades y Artes se unir\u00e1n para celebrar la destacada trayectoria de la profesora Josefina Fern\u00e1ndez Nespral de Ortiz. La profesora Ortiz fue docente en la Universidad Nacional de San Juan desde 1979 hasta 2011, y ocup\u00f3 el cargo de titular de la C\u00e1tedra de Piano desde 1985 hasta su jubilaci\u00f3n.<\/p>\n<p>El programa del concierto abarcar\u00e1 un repertorio variado que incluye obras del repertorio europeo y latinoamericano interpretadas en piano solo, piano a cuatro manos y dos pianos. Los artistas que participar\u00e1n en este emocionante evento incluyen a Beatriz Yacante, Ana Mar\u00eda Portillo, Andrea Zanni, Mariana Garrotti, Ana Paula Oyola, Lizell Claros, Cecilia Cumpi\u00e1n, Giuliano Riccobelli, Bruno S\u00e1ez Mallamaci, Cristian Jos\u00e9 Peralta, Walter Vilches y Santiago Albeiro.<\/p>\n<p>Entre la diversidad de obras cautivadoras que interpretar\u00e1n los artistas se destaca \u00abLa caleta\u00bb de Joaqu\u00edn Turina, interpretada por Cecilia Cumpi\u00e1n, el \u00abDanz\u00f3n N\u00b0 2\u00bb de Arturo M\u00e1rquez en la interpretaci\u00f3n de Andrea Zanni y Mariana Garrotti. En el camino, Ana Mar\u00eda Portillo ofrecer\u00e1 el evocador \u00abRomancero\u00bb de \u00c1ngel Lasala, mientras que Bruno S\u00e1ez Mallamaci deslumbrar\u00e1 con el \u00abPreludio en Sol sostenido menor, Op. 32 N\u00b0 12\u00bb de Sergei Rachmaninov y mucho m\u00e1s.<\/p>\n<p>Es una oportunidad \u00fanica para disfrutar de talentosos m\u00fasicos y honrar la contribuci\u00f3n de la profesora Josefina Fern\u00e1ndez Nespral de Ortiz a la m\u00fasica y a la educaci\u00f3n en la Universidad Nacional de San Juan.<\/p>\n<p>La entrada <a href=\"https:\/\/diariod3.com\/inicio\/alumnos-y-profesores-rendiran-homenaje-a-una-maestra-de-piano-en-el-auditorio-juan-victoria\/\" rel=\"noreferrer noopener\" target=\"_blank\">Alumnos y profesores rendir\u00e1n homenaje a una maestra de piano en el Auditorio Juan Victoria<\/a> se public\u00f3 primero en <a href=\"https:\/\/diariod3.com\/inicio\" rel=\"noreferrer noopener\" target=\"_blank\">DIARIO D3 NOTICIAS<\/a>.<\/p>\n","protected":false},"excerpt":{"rendered":"<p>La C\u00e1tedra de Piano del Departamento de M\u00fasica de la Facultad de Filosof\u00eda, Humanidades y Artes celebrar\u00e1 la trayectoria de la profesora Josefina Fern\u00e1ndez Nespral de Ortiz en un concierto que se realizar\u00e1 el 24 de agosto a las 21. Adri\u00e1n Carrizo En el marco de los festejos por el 50\u00b0 aniversario de la Universidad [&hellip;]<\/p>\n","protected":false},"author":1,"featured_media":0,"comment_status":"open","ping_status":"open","sticky":false,"template":"","format":"standard","meta":{"footnotes":""},"categories":[10],"tags":[],"_links":{"self":[{"href":"https:\/\/maxradio923.com.ar\/index.php\/wp-json\/wp\/v2\/posts\/653"}],"collection":[{"href":"https:\/\/maxradio923.com.ar\/index.php\/wp-json\/wp\/v2\/posts"}],"about":[{"href":"https:\/\/maxradio923.com.ar\/index.php\/wp-json\/wp\/v2\/types\/post"}],"author":[{"embeddable":true,"href":"https:\/\/maxradio923.com.ar\/index.php\/wp-json\/wp\/v2\/users\/1"}],"replies":[{"embeddable":true,"href":"https:\/\/maxradio923.com.ar\/index.php\/wp-json\/wp\/v2\/comments?post=653"}],"version-history":[{"count":0,"href":"https:\/\/maxradio923.com.ar\/index.php\/wp-json\/wp\/v2\/posts\/653\/revisions"}],"wp:attachment":[{"href":"https:\/\/maxradio923.com.ar\/index.php\/wp-json\/wp\/v2\/media?parent=653"}],"wp:term":[{"taxonomy":"category","embeddable":true,"href":"https:\/\/maxradio923.com.ar\/index.php\/wp-json\/wp\/v2\/categories?post=653"},{"taxonomy":"post_tag","embeddable":true,"href":"https:\/\/maxradio923.com.ar\/index.php\/wp-json\/wp\/v2\/tags?post=653"}],"curies":[{"name":"wp","href":"https:\/\/api.w.org\/{rel}","templated":true}]}}