{"id":6510,"date":"2023-10-08T12:44:26","date_gmt":"2023-10-08T15:44:26","guid":{"rendered":"https:\/\/maxradio923.com\/index.php\/2023\/10\/08\/como-fue-el-cierre-de-la-gira-mundial-de-jorge-drexler-lleno-dos-emotivos-movistar-arena-con-20-mil-fans-y-hablo-de-la-guerra\/"},"modified":"2023-10-08T16:54:13","modified_gmt":"2023-10-08T19:54:13","slug":"como-fue-el-cierre-de-la-gira-mundial-de-jorge-drexler-lleno-dos-emotivos-movistar-arena-con-20-mil-fans-y-hablo-de-la-guerra","status":"publish","type":"post","link":"https:\/\/maxradio923.com.ar\/index.php\/2023\/10\/08\/como-fue-el-cierre-de-la-gira-mundial-de-jorge-drexler-lleno-dos-emotivos-movistar-arena-con-20-mil-fans-y-hablo-de-la-guerra\/","title":{"rendered":"C\u00f3mo fue el cierre de la gira mundial de Jorge Drexler: llen\u00f3 dos emotivos Movistar Arena con 20 mil fans y habl\u00f3 de la guerra"},"content":{"rendered":"<ul>\n<li>El cantautor uruguayo cant\u00f3 un tema especial por la situaci\u00f3n en Israel.<\/li>\n<li>Tambi\u00e9n tuvo como invitado a Kevin Johansen.<\/li>\n<\/ul>\n","protected":false},"excerpt":{"rendered":"<p>El cantautor uruguayo cant\u00f3 un tema especial por la situaci\u00f3n en Israel. Tambi\u00e9n tuvo como invitado a Kevin Johansen.<\/p>\n","protected":false},"author":2,"featured_media":6553,"comment_status":"closed","ping_status":"","sticky":false,"template":"","format":"standard","meta":{"footnotes":""},"categories":[4],"tags":[],"_links":{"self":[{"href":"https:\/\/maxradio923.com.ar\/index.php\/wp-json\/wp\/v2\/posts\/6510"}],"collection":[{"href":"https:\/\/maxradio923.com.ar\/index.php\/wp-json\/wp\/v2\/posts"}],"about":[{"href":"https:\/\/maxradio923.com.ar\/index.php\/wp-json\/wp\/v2\/types\/post"}],"author":[{"embeddable":true,"href":"https:\/\/maxradio923.com.ar\/index.php\/wp-json\/wp\/v2\/users\/2"}],"replies":[{"embeddable":true,"href":"https:\/\/maxradio923.com.ar\/index.php\/wp-json\/wp\/v2\/comments?post=6510"}],"version-history":[{"count":1,"href":"https:\/\/maxradio923.com.ar\/index.php\/wp-json\/wp\/v2\/posts\/6510\/revisions"}],"predecessor-version":[{"id":6552,"href":"https:\/\/maxradio923.com.ar\/index.php\/wp-json\/wp\/v2\/posts\/6510\/revisions\/6552"}],"wp:featuredmedia":[{"embeddable":true,"href":"https:\/\/maxradio923.com.ar\/index.php\/wp-json\/wp\/v2\/media\/6553"}],"wp:attachment":[{"href":"https:\/\/maxradio923.com.ar\/index.php\/wp-json\/wp\/v2\/media?parent=6510"}],"wp:term":[{"taxonomy":"category","embeddable":true,"href":"https:\/\/maxradio923.com.ar\/index.php\/wp-json\/wp\/v2\/categories?post=6510"},{"taxonomy":"post_tag","embeddable":true,"href":"https:\/\/maxradio923.com.ar\/index.php\/wp-json\/wp\/v2\/tags?post=6510"}],"curies":[{"name":"wp","href":"https:\/\/api.w.org\/{rel}","templated":true}]}}