{"id":64045,"date":"2025-12-06T19:33:08","date_gmt":"2025-12-06T22:33:08","guid":{"rendered":"https:\/\/maxradio923.com.ar\/index.php\/2025\/12\/06\/la-hija-de-karina-la-princesita-y-el-polaco-se-lucio-en-la-fiesta-de-egresados-interpretando-mamma-mia-el-orgullo-de-sus-padres\/"},"modified":"2025-12-06T19:33:08","modified_gmt":"2025-12-06T22:33:08","slug":"la-hija-de-karina-la-princesita-y-el-polaco-se-lucio-en-la-fiesta-de-egresados-interpretando-mamma-mia-el-orgullo-de-sus-padres","status":"publish","type":"post","link":"https:\/\/maxradio923.com.ar\/index.php\/2025\/12\/06\/la-hija-de-karina-la-princesita-y-el-polaco-se-lucio-en-la-fiesta-de-egresados-interpretando-mamma-mia-el-orgullo-de-sus-padres\/","title":{"rendered":"La hija de Karina La Princesita y El Polaco se luci\u00f3 en la fiesta de egresados interpretando Mamma Mia: el orgullo de sus padres"},"content":{"rendered":"<p><\/p>\n<h2 class=\"article-subheadline text_align_left\">La joven, fruto de la relaci\u00f3n entre los cantantes de cumbia, termin\u00f3 el secundario y los artistas lo celebraron en sus redes sociales <\/h2>\n<p><\/p>\n<p class=\"paragraph\"><b>Sol Cwirkaluk<\/b>, hija de <b>Karina La Princesita<\/b> y <b>El Polaco<\/b>, vivi\u00f3 un emotivo y art\u00edstico cierre de etapa al terminar el colegio secundario y sorprender a todos con una actuaci\u00f3n inolvidable en su fiesta de fin de curso. La adolescente fue la protagonista de un musical basado en <i>Mamma Mia<\/i>, interpretando nada menos que el papel de <b>Donna<\/b>, personaje inmortalizado por <b>Meryl Streep <\/b>en el cine.<\/p>\n<p><\/p>\n<p class=\"paragraph\">La designaci\u00f3n del protag\u00f3nico qued\u00f3 confirmada en las redes, cuando una compa\u00f1era la etiquet\u00f3 con un \u201cTe amo Donna\u201d, celebrando la fuerza y el talento que Sol demostr\u00f3 sobre el escenario. El Polaco tampoco ocult\u00f3 su orgullo: en sus propias redes comparti\u00f3 otro tramo del musical y acompa\u00f1\u00f3 el video con un mensaje repleto de ternura: \u201c<b>Te amo hija hermosa<\/b>\u201d.<\/p>\n<p><\/p>\n<p class=\"paragraph\">Finalizado el secundario y con una inclinaci\u00f3n cada vez m\u00e1s clara hacia el canto, el baile y la actuaci\u00f3n, Sol Cwirkaluk dej\u00f3 una huella entre sus compa\u00f1eros y adultos. Su paso por Mamma Mia no solo fue un broche dorado para despedir el colegio, sino que tambi\u00e9n parece marcar el inicio de un futuro art\u00edstico propio, respaldado por la emoci\u00f3n y el acompa\u00f1amiento de dos padres referentes de la m\u00fasica popular argentina.<\/p>\n<p><\/p>\n<p class=\"paragraph\">La adolescente vivi\u00f3 en agosto uno de los momentos m\u00e1s emblem\u00e1ticos de la adolescencia argentina: el viaje de egresados a Bariloche. M\u00e1s all\u00e1 de la ausencia de su pap\u00e1, quien no pudo acompa\u00f1arla por motivos de salud, Sol se sumergi\u00f3 de lleno en la experiencia, transformando cada instante en un recuerdo imborrable gracias a la complicidad de sus amigas, la belleza de la naturaleza patag\u00f3nica y la energ\u00eda propia del cierre de una etapa.<\/p>\n<p><\/p>\n<p class=\"paragraph\">Desde el primer momento del recorrido, la joven no dej\u00f3 de registrar en fotos cada instante especial. Pos\u00f3 sola, con compa\u00f1eros y en grupos, siempre con el brillo en los ojos de quien sabe que est\u00e1 atesorando algo \u00fanico. Con campera gris y detalles rojos, el paisaje de fondo \u2014la nieve cubriendo el suelo, los \u00e1rboles firmes y las monta\u00f1as recortadas contra el cielo\u2014 form\u00f3 parte central del relato visual que Sol fue construyendo en sus redes sociales, donde comparti\u00f3 la emoci\u00f3n de un viaje que super\u00f3 las expectativas.<\/p>\n<p><\/p>\n<p class=\"paragraph\">Tambi\u00e9n hubo postales contemplativas, como aquella en la que Sol, de espaldas, aparece rodeada de la inmensidad blanca andina. En otra imagen, sonr\u00ede al abrazar a un compa\u00f1ero, ambos resguardados en el entorno m\u00e1gico que solo Bariloche puede ofrecer a una camada de egresados con sed de aventura.<\/p>\n","protected":false},"excerpt":{"rendered":"<p>La joven, fruto de la relaci\u00f3n entre los cantantes de cumbia, termin\u00f3 el secundario y los artistas lo celebraron en sus redes sociales Sol Cwirkaluk, hija de Karina La Princesita y El Polaco, vivi\u00f3 un emotivo y art\u00edstico cierre de etapa al terminar el colegio secundario y sorprender a todos con una actuaci\u00f3n inolvidable en [&hellip;]<\/p>\n","protected":false},"author":2,"featured_media":64046,"comment_status":"","ping_status":"","sticky":false,"template":"","format":"standard","meta":{"footnotes":""},"categories":[12],"tags":[],"_links":{"self":[{"href":"https:\/\/maxradio923.com.ar\/index.php\/wp-json\/wp\/v2\/posts\/64045"}],"collection":[{"href":"https:\/\/maxradio923.com.ar\/index.php\/wp-json\/wp\/v2\/posts"}],"about":[{"href":"https:\/\/maxradio923.com.ar\/index.php\/wp-json\/wp\/v2\/types\/post"}],"author":[{"embeddable":true,"href":"https:\/\/maxradio923.com.ar\/index.php\/wp-json\/wp\/v2\/users\/2"}],"replies":[{"embeddable":true,"href":"https:\/\/maxradio923.com.ar\/index.php\/wp-json\/wp\/v2\/comments?post=64045"}],"version-history":[{"count":0,"href":"https:\/\/maxradio923.com.ar\/index.php\/wp-json\/wp\/v2\/posts\/64045\/revisions"}],"wp:featuredmedia":[{"embeddable":true,"href":"https:\/\/maxradio923.com.ar\/index.php\/wp-json\/wp\/v2\/media\/64046"}],"wp:attachment":[{"href":"https:\/\/maxradio923.com.ar\/index.php\/wp-json\/wp\/v2\/media?parent=64045"}],"wp:term":[{"taxonomy":"category","embeddable":true,"href":"https:\/\/maxradio923.com.ar\/index.php\/wp-json\/wp\/v2\/categories?post=64045"},{"taxonomy":"post_tag","embeddable":true,"href":"https:\/\/maxradio923.com.ar\/index.php\/wp-json\/wp\/v2\/tags?post=64045"}],"curies":[{"name":"wp","href":"https:\/\/api.w.org\/{rel}","templated":true}]}}