{"id":64043,"date":"2025-12-06T19:17:07","date_gmt":"2025-12-06T22:17:07","guid":{"rendered":"https:\/\/maxradio923.com.ar\/index.php\/2025\/12\/06\/murio-un-argentino-en-una-ruta-uruguaya-tras-chocar-su-camioneta-con-un-camion\/"},"modified":"2025-12-06T19:17:07","modified_gmt":"2025-12-06T22:17:07","slug":"murio-un-argentino-en-una-ruta-uruguaya-tras-chocar-su-camioneta-con-un-camion","status":"publish","type":"post","link":"https:\/\/maxradio923.com.ar\/index.php\/2025\/12\/06\/murio-un-argentino-en-una-ruta-uruguaya-tras-chocar-su-camioneta-con-un-camion\/","title":{"rendered":"Muri\u00f3 un argentino en una ruta uruguaya tras chocar su camioneta con un cami\u00f3n"},"content":{"rendered":"<p><\/p>\n<h2 class=\"article-subheadline text_align_left\">El siniestro ocurri\u00f3 en el kil\u00f3metro 202 de Ruta 2, entre las localidades de Rod\u00f3 y Santa Catalina, en el departamento Soriano. La v\u00edctima era oriunda de la localidad entrerriana de Concordia<\/h2>\n<p><\/p>\n<p class=\"paragraph\">Un argentino muri\u00f3 en las \u00faltimas horas como consecuencia de un choque ocurrido en Uruguay. El siniestro se produjo durante la tarde del viernes en el kil\u00f3metro 202 de <b>Ruta 2<\/b>, entre las localidades de <b>Rod\u00f3<\/b> y <b>Santa Catalina<\/b>, en el <b>departamento de Soriano<\/b>.<\/p>\n<p><\/p>\n<p class=\"paragraph\">Pese a los esfuerzos iniciales, el conductor de la Amarok <b>falleci\u00f3 durante las \u00faltimas horas del viernes<\/b>, a consecuencia de las heridas sufridas en el accidente.<\/p>\n<p><\/p>\n<p class=\"paragraph\">La madrugada de este s\u00e1bado en la Ruta Provincial 21 estuvo marcada por un tr\u00e1gico accidente, a la altura de la localidad de <b>General Lagos<\/b>, situada en el departamento Rosario, en <b>Santa Fe<\/b>. El episodio tuvo lugar en la intersecci\u00f3n de la ruta con el camino al <b>Balneario de La Costa<\/b> y la denominada bajada <b>La Mariposa<\/b>, minutos antes de las 6 de la ma\u00f1ana, y dej\u00f3 como resultado el fallecimiento de una joven.<\/p>\n<p><\/p>\n<p class=\"paragraph\">La v\u00edctima ten\u00eda poco m\u00e1s de 20 a\u00f1os y resid\u00eda en <b>Pueblo Esther<\/b>. Circulaba a bordo de una <b>moto Honda Twister<\/b> cuando, por circunstancias que ahora son materia de investigaci\u00f3n, se produjo el choque contra una <b>Ford Ecosport<\/b>. El autom\u00f3vil, que evidenci\u00f3 un fuerte impacto en la rueda delantera del lado del conductor, era conducido por un joven de 23 a\u00f1os.<\/p>\n<p><\/p>\n<p class=\"paragraph\">El aviso del siniestro lleg\u00f3 al personal policial a partir de <b>una llamada realizada al servicio de emergencias 911 de Villa Gobernador G\u00e1lvez<\/b>. Tras arribar al sitio, a pocos metros del acceso al balneario de la zona, los efectivos constataron la gravedad de la situaci\u00f3n.<\/p>\n<p><\/p>\n<p class=\"paragraph\">El cuerpo de la v\u00edctima yac\u00eda junto a los restos de su motocicleta, que result\u00f3 parcialmente destruida producto de la colisi\u00f3n. Al lugar tambi\u00e9n acudi\u00f3 el <b>Servicio Integrado de Emergencias Sanitarias (SIES)<\/b>, cuyos profesionales solo pudieron confirmar el fallecimiento de la joven en la escena. <\/p>\n","protected":false},"excerpt":{"rendered":"<p>El siniestro ocurri\u00f3 en el kil\u00f3metro 202 de Ruta 2, entre las localidades de Rod\u00f3 y Santa Catalina, en el departamento Soriano. La v\u00edctima era oriunda de la localidad entrerriana de Concordia Un argentino muri\u00f3 en las \u00faltimas horas como consecuencia de un choque ocurrido en Uruguay. El siniestro se produjo durante la tarde del [&hellip;]<\/p>\n","protected":false},"author":2,"featured_media":64044,"comment_status":"","ping_status":"","sticky":false,"template":"","format":"standard","meta":{"footnotes":""},"categories":[12],"tags":[],"_links":{"self":[{"href":"https:\/\/maxradio923.com.ar\/index.php\/wp-json\/wp\/v2\/posts\/64043"}],"collection":[{"href":"https:\/\/maxradio923.com.ar\/index.php\/wp-json\/wp\/v2\/posts"}],"about":[{"href":"https:\/\/maxradio923.com.ar\/index.php\/wp-json\/wp\/v2\/types\/post"}],"author":[{"embeddable":true,"href":"https:\/\/maxradio923.com.ar\/index.php\/wp-json\/wp\/v2\/users\/2"}],"replies":[{"embeddable":true,"href":"https:\/\/maxradio923.com.ar\/index.php\/wp-json\/wp\/v2\/comments?post=64043"}],"version-history":[{"count":0,"href":"https:\/\/maxradio923.com.ar\/index.php\/wp-json\/wp\/v2\/posts\/64043\/revisions"}],"wp:featuredmedia":[{"embeddable":true,"href":"https:\/\/maxradio923.com.ar\/index.php\/wp-json\/wp\/v2\/media\/64044"}],"wp:attachment":[{"href":"https:\/\/maxradio923.com.ar\/index.php\/wp-json\/wp\/v2\/media?parent=64043"}],"wp:term":[{"taxonomy":"category","embeddable":true,"href":"https:\/\/maxradio923.com.ar\/index.php\/wp-json\/wp\/v2\/categories?post=64043"},{"taxonomy":"post_tag","embeddable":true,"href":"https:\/\/maxradio923.com.ar\/index.php\/wp-json\/wp\/v2\/tags?post=64043"}],"curies":[{"name":"wp","href":"https:\/\/api.w.org\/{rel}","templated":true}]}}