{"id":64039,"date":"2025-12-06T19:07:08","date_gmt":"2025-12-06T22:07:08","guid":{"rendered":"https:\/\/maxradio923.com.ar\/index.php\/2025\/12\/06\/la-emocion-de-fito-paez-tras-ser-distinguido-con-el-titulo-honoris-causa-en-su-ciudad-natal\/"},"modified":"2025-12-06T19:07:08","modified_gmt":"2025-12-06T22:07:08","slug":"la-emocion-de-fito-paez-tras-ser-distinguido-con-el-titulo-honoris-causa-en-su-ciudad-natal","status":"publish","type":"post","link":"https:\/\/maxradio923.com.ar\/index.php\/2025\/12\/06\/la-emocion-de-fito-paez-tras-ser-distinguido-con-el-titulo-honoris-causa-en-su-ciudad-natal\/","title":{"rendered":"La emoci\u00f3n de Fito P\u00e1ez tras ser distinguido con el t\u00edtulo honoris causa en su ciudad natal"},"content":{"rendered":"<p><\/p>\n<div>\n<p class=\"com-paragraph  --capital --s\">En la noche del viernes, <strong>Fito P\u00e1ez<\/strong> fue distinguido con el t\u00edtulo Doctor Honoris Causa en La Universidad Nacional de Rosario. La casa de estudios reconoci\u00f3 al m\u00fasico oriundo de esa ciudad con una emotiva ceremonia que destac\u00f3<strong> <\/strong>la obra y la influencia del m\u00fasico en la escena art\u00edstica nacional. <\/p>\n<p class=\"com-paragraph   --s\">El homenaje, que se propuso celebrar la extensa trayectoria del compositor de 62 a\u00f1os y su legado, convoc\u00f3 a una gran cantidad de fan\u00e1ticos, colegas y estudiantes que se acercaron al <strong>Espacio Cultural Universitario para acompa\u00f1ar al m\u00fasico en el nombramiento<\/strong>.<\/p>\n<div class=\"content-media\">\n<section role=\"button\" class=\"mod-media   \">\n<figure role=\"button\" class=\"mod-figure \"><figcaption class=\"mod-figcaption\"><span class=\"com-text --caption --twoxs\">&#8220;La gran ciudad, con este pibe, result\u00f3 piadosa&#8221;, destac\u00f3 el rector Franco Bartolacci<\/span><span class=\"com-text --credit --twoxs\">Maximiliano Conforti<\/span><\/figcaption><\/figure>\n<\/section>\n<\/div>\n<p class=\"com-paragraph   --s\">Al inicio de la ceremonia, Fito recibi\u00f3 el diploma por parte de una de las m\u00e1ximas autoridades de la Universidad, el rector Franco Bartolacci, quien coment\u00f3: \u201cEn el 93, este pibe lleg\u00f3 del interior de Santa Fe a Buenos Aires, cargado de deseos, miedos e incertidumbres. Y la gran ciudad, con este pibe, result\u00f3 piadosa\u201d. Adem\u00e1s, el rector agradeci\u00f3 fervientemente los aportes del artista a la cultura y destac\u00f3 que la votaci\u00f3n para concederle el t\u00edtulo fue aprobada por unanimidad.<\/p>\n<p class=\"com-paragraph   --s\">P\u00e1ez quiso compartir la distinci\u00f3n con los artistas rosarinos que lo acompa\u00f1aron en sus inicios y mencion\u00f3 con cari\u00f1o a <strong>Fabi\u00e1n Gallardo<\/strong>, <strong>Adri\u00e1n Abonizio <\/strong>y <strong>Liliana Herrero, Juan Carlos Baglietto y Jorge Fandermole. <\/strong><\/p>\n<div class=\"content-media\">\n<section role=\"button\" class=\"mod-media   \">\n<figure role=\"button\" class=\"mod-figure \"><figcaption class=\"mod-figcaption\"><span class=\"com-text --caption --twoxs\">Fito P\u00e1ez: &#8220;Esto es un reconocimiento grupal&#8221;<\/span><span class=\"com-text --credit --twoxs\">Maximiliano Conforti<\/span><\/figcaption><\/figure>\n<\/section>\n<\/div>\n<p class=\"com-paragraph   --s\">Muy emocionado y en medio de una gran ovaci\u00f3n, el homenajeado salud\u00f3 a todos los presentes y agradeci\u00f3 la deferencia: \u201cEsto es un reconocimiento grupal. Tiene mi cara, pero es una invitaci\u00f3n a recordar la valent\u00eda de esos chicos encerr\u00e1ndose en salas de ensayo a hacer m\u00fasica en plena dictadura\u201d. <\/p>\n<div class=\"content-media\">\n<section role=\"button\" class=\"mod-media   \">\n<figure role=\"button\" class=\"mod-figure \"><figcaption class=\"mod-figcaption\"><span class=\"com-text --caption --twoxs\">La medalla en manos de Fito P\u00e1ez<\/span><span class=\"com-text --credit --twoxs\">Maximiliano Conforti<\/span><\/figcaption><\/figure>\n<\/section>\n<\/div>\n<p class=\"com-paragraph   --s\">En su discurso, <strong>P\u00e1ez <\/strong>agradeci\u00f3 a la ciudad, a la Universidad y record\u00f3 an\u00e9cdotas con su t\u00eda Charito en Villa Constituci\u00f3n. <strong>El m\u00fasico se mostr\u00f3 emocionado por el cari\u00f1o recibido en la ceremonia<\/strong> y, adem\u00e1s de reflexionar sobre sus experiencias art\u00edsticas advirti\u00f3 sobre los avances de la inteligencia artificial en el arte: \u201c<strong>La expresi\u00f3n es un elemento central de la humanidad. Una IA no va a hacer aparecer un Spinetta o una Liliana Herrero<\/strong>\u201d, apunt\u00f3. <\/p>\n<div class=\"content-media\">\n<section role=\"button\" class=\"mod-media   \">\n<figure role=\"button\" class=\"mod-figure \"><figcaption class=\"mod-figcaption\"><span class=\"com-text --caption --twoxs\">&#8220;Genio Fito. Soy tu fan, toc\u00f3 el teclado y estoy practicando El amor despu\u00e9s del amor&#8221;, se le\u00eda en el cartel que un peque\u00f1o fan llev\u00f3 a la ceremonia<\/span><span class=\"com-text --credit --twoxs\">Maximiliano Conforti<\/span><\/figcaption><\/figure>\n<\/section>\n<\/div>\n<p class=\"com-paragraph   --s\">Finalmente y como broche de oro de una velada atravesada por el entusiasmo, Fito se dispuso a interpretar varios de los temas m\u00e1s importantes de su carrera.<\/p>\n<div class=\"content-media\">\n<section role=\"button\" class=\"mod-media   \">\n<figure role=\"button\" class=\"mod-figure \"><figcaption class=\"mod-figcaption\"><span class=\"com-text --caption --twoxs\">Fito P\u00e1ez interpret\u00f3 12 canciones acompa\u00f1ado por una banda de m\u00fasicos rosarinos<\/span><span class=\"com-text --credit --twoxs\">Maximiliano Conforti<\/span><\/figcaption><\/figure>\n<\/section>\n<\/div>\n<p class=\"com-paragraph   --s\">De la mano de una banda compuesta por m\u00fasicos rosarinos -Mat\u00edas Galasso en piano y teclados, Ricardo Vilaseca en teclados, Leandro Pagura en bajo, Agust\u00edn Borsini en bater\u00eda y Guido Luj\u00e1n en guitarra-, el m\u00fasico interpret\u00f3 12 canciones entre las que se destacaron \u201cCaminando por Rosario\u201d, \u201cMirta de Regreso\u201d, \u201cSale el sol\u201d, \u201cCiudad de pobres corazones\u201d, \u201cLa vida es una moneda\u201d, \u201cTratando de crecer\u201d, \u201cMariposa Tecknicolor\u201d y \u201cYo vengo a ofrecer mi coraz\u00f3n\u201d, entre otras.<\/p>\n<div class=\"content-media\">\n<section role=\"button\" class=\"mod-media   \">\n<figure role=\"button\" class=\"mod-figure \"><figcaption class=\"mod-figcaption\"><span class=\"com-text --caption --twoxs\">Fan\u00e1ticos y allegados se dieron cita en la Casa de Estudios rosarina para acompa\u00f1ar el nombramiento<\/span><span class=\"com-text --credit --twoxs\">Maximiliano Conforti<\/span><\/figcaption><\/figure>\n<\/section>\n<\/div>\n<p class=\"com-paragraph   --s\">Adem\u00e1s, el artista se dio el gusto de invitar al escenario a dos de sus m\u00e1s queridos colegas: a <strong>Coki Debernardi<\/strong>, para interpretar \u201cLinyera\u201d,<em> <\/em>y a <strong>Carlos Vandera<\/strong>, para tocar \u201cA<em> <\/em>la casa&#8221;.<\/p>\n<div class=\"content-media\">\n<section role=\"button\" class=\"mod-media   \">\n<figure role=\"button\" class=\"mod-figure \"><figcaption class=\"mod-figcaption\"><span class=\"com-text --caption --twoxs\">Fito P\u00e1ez recibe la ovaci\u00f3n de su p\u00fablico, tras recibir el t\u00edtulo de doctor honoris causa<\/span><span class=\"com-text --credit --twoxs\">Maximiliano Conforti<\/span><\/figcaption><\/figure>\n<\/section>\n<\/div>\n<p class=\"com-paragraph   --s\">P\u00e1ez cuenta con una discograf\u00eda de m\u00e1s de 25 \u00e1lbumes, que incluyen grandes cl\u00e1sicos del rock nacional como \u201c11y 6\u2033 y \u201cEl amor despu\u00e9s del amor\u201d. A lo largo de su carrera, Fito traspas\u00f3 fronteras y su m\u00fasica logr\u00f3 conquistar a diversos p\u00fablicos de habla hispana, convirti\u00e9ndose as\u00ed en un embajador cultural de Rosario y de la Argentina. <\/p>\n<section class=\"container-center-100 mb-40 border border-bottom border-thin border-neutral-light-700\">\n<hr\/>\n<\/section>\n<\/div>\n","protected":false},"excerpt":{"rendered":"<p>En la noche del viernes, Fito P\u00e1ez fue distinguido con el t\u00edtulo Doctor Honoris Causa en La Universidad Nacional de Rosario. La casa de estudios reconoci\u00f3 al m\u00fasico oriundo de esa ciudad con una emotiva ceremonia que destac\u00f3 la obra y la influencia del m\u00fasico en la escena art\u00edstica nacional. El homenaje, que se propuso [&hellip;]<\/p>\n","protected":false},"author":2,"featured_media":64040,"comment_status":"","ping_status":"","sticky":false,"template":"","format":"standard","meta":{"footnotes":""},"categories":[14],"tags":[],"_links":{"self":[{"href":"https:\/\/maxradio923.com.ar\/index.php\/wp-json\/wp\/v2\/posts\/64039"}],"collection":[{"href":"https:\/\/maxradio923.com.ar\/index.php\/wp-json\/wp\/v2\/posts"}],"about":[{"href":"https:\/\/maxradio923.com.ar\/index.php\/wp-json\/wp\/v2\/types\/post"}],"author":[{"embeddable":true,"href":"https:\/\/maxradio923.com.ar\/index.php\/wp-json\/wp\/v2\/users\/2"}],"replies":[{"embeddable":true,"href":"https:\/\/maxradio923.com.ar\/index.php\/wp-json\/wp\/v2\/comments?post=64039"}],"version-history":[{"count":0,"href":"https:\/\/maxradio923.com.ar\/index.php\/wp-json\/wp\/v2\/posts\/64039\/revisions"}],"wp:featuredmedia":[{"embeddable":true,"href":"https:\/\/maxradio923.com.ar\/index.php\/wp-json\/wp\/v2\/media\/64040"}],"wp:attachment":[{"href":"https:\/\/maxradio923.com.ar\/index.php\/wp-json\/wp\/v2\/media?parent=64039"}],"wp:term":[{"taxonomy":"category","embeddable":true,"href":"https:\/\/maxradio923.com.ar\/index.php\/wp-json\/wp\/v2\/categories?post=64039"},{"taxonomy":"post_tag","embeddable":true,"href":"https:\/\/maxradio923.com.ar\/index.php\/wp-json\/wp\/v2\/tags?post=64039"}],"curies":[{"name":"wp","href":"https:\/\/api.w.org\/{rel}","templated":true}]}}