{"id":64035,"date":"2025-12-06T18:11:08","date_gmt":"2025-12-06T21:11:08","guid":{"rendered":"https:\/\/maxradio923.com.ar\/index.php\/2025\/12\/06\/el-calor-y-las-alergias-aumentan-un-riesgo-frecuente-de-los-ninos-en-verano-como-actuar\/"},"modified":"2025-12-06T18:11:08","modified_gmt":"2025-12-06T21:11:08","slug":"el-calor-y-las-alergias-aumentan-un-riesgo-frecuente-de-los-ninos-en-verano-como-actuar","status":"publish","type":"post","link":"https:\/\/maxradio923.com.ar\/index.php\/2025\/12\/06\/el-calor-y-las-alergias-aumentan-un-riesgo-frecuente-de-los-ninos-en-verano-como-actuar\/","title":{"rendered":"El calor y las alergias aumentan un riesgo frecuente de los ni\u00f1os en verano: c\u00f3mo actuar"},"content":{"rendered":"<p><\/p>\n<h2 class=\"article-subheadline text_align_left\">El sangrado nasal suele ocurrir con m\u00e1s frecuencia en esta \u00e9poca del a\u00f1o. A qu\u00e9 se debe y las recomendaciones para prevenir<\/h2>\n<p><\/p>\n<p class=\"paragraph\">Con la llegada del calor, es com\u00fan que los ni\u00f1os presenten <b>sangrados nasales, conocidos como epistaxis. <\/b>Estos episodios ocurren con frecuencia durante esta \u00e9poca, tanto mientras los ni\u00f1os est\u00e1n expuestos al sol como despu\u00e9s, y suelen generar preocupaci\u00f3n en la familia. <\/p>\n<p><\/p>\n<p class=\"paragraph\">Debemos saber que la <b>nariz<\/b> tiene un red de<b> vasos sangu\u00edneos<\/b> muy rica, son finos y superficiales. Esa red sangu\u00ednea es la que se encarga de calentar el aire que inspiramos cuando ingresa por las fosas nasales, que es una zona muy delicada. <\/p>\n<p><\/p>\n<p class=\"paragraph\">Que si bien en la mayor\u00eda de los casos el cuadro cede r\u00e1pidamente y de manera espont\u00e1nea, para los especialistas en <b>otorrinolaringolog\u00eda<\/b> es siempre una emergencia. Las causas m\u00e1s comunes del sangrado son:<\/p>\n<p><\/p>\n<p class=\"paragraph\">En la mayor\u00eda de los casos el sangrado ocurre en la parte anterior del <b>tabique nasal<\/b>, es la zona m\u00e1s rica en peque\u00f1os vasos, la m\u00e1s vascularizada. El caso se complica cuando la hemorragia no cede, es incesante y a pesar del tratamiento es dif\u00edcil de frenar.<\/p>\n<p><\/p>\n<p class=\"paragraph\">Ante un sangrado nasal seguir estos pasos simples:<\/p>\n<p><\/p>\n<p class=\"paragraph\">S\u00ed estas medidas no logren reducir el sangrado, concurrir a un centro asistencial.<\/p>\n","protected":false},"excerpt":{"rendered":"<p>El sangrado nasal suele ocurrir con m\u00e1s frecuencia en esta \u00e9poca del a\u00f1o. A qu\u00e9 se debe y las recomendaciones para prevenir Con la llegada del calor, es com\u00fan que los ni\u00f1os presenten sangrados nasales, conocidos como epistaxis. Estos episodios ocurren con frecuencia durante esta \u00e9poca, tanto mientras los ni\u00f1os est\u00e1n expuestos al sol como [&hellip;]<\/p>\n","protected":false},"author":2,"featured_media":64036,"comment_status":"","ping_status":"","sticky":false,"template":"","format":"standard","meta":{"footnotes":""},"categories":[12],"tags":[],"_links":{"self":[{"href":"https:\/\/maxradio923.com.ar\/index.php\/wp-json\/wp\/v2\/posts\/64035"}],"collection":[{"href":"https:\/\/maxradio923.com.ar\/index.php\/wp-json\/wp\/v2\/posts"}],"about":[{"href":"https:\/\/maxradio923.com.ar\/index.php\/wp-json\/wp\/v2\/types\/post"}],"author":[{"embeddable":true,"href":"https:\/\/maxradio923.com.ar\/index.php\/wp-json\/wp\/v2\/users\/2"}],"replies":[{"embeddable":true,"href":"https:\/\/maxradio923.com.ar\/index.php\/wp-json\/wp\/v2\/comments?post=64035"}],"version-history":[{"count":0,"href":"https:\/\/maxradio923.com.ar\/index.php\/wp-json\/wp\/v2\/posts\/64035\/revisions"}],"wp:featuredmedia":[{"embeddable":true,"href":"https:\/\/maxradio923.com.ar\/index.php\/wp-json\/wp\/v2\/media\/64036"}],"wp:attachment":[{"href":"https:\/\/maxradio923.com.ar\/index.php\/wp-json\/wp\/v2\/media?parent=64035"}],"wp:term":[{"taxonomy":"category","embeddable":true,"href":"https:\/\/maxradio923.com.ar\/index.php\/wp-json\/wp\/v2\/categories?post=64035"},{"taxonomy":"post_tag","embeddable":true,"href":"https:\/\/maxradio923.com.ar\/index.php\/wp-json\/wp\/v2\/tags?post=64035"}],"curies":[{"name":"wp","href":"https:\/\/api.w.org\/{rel}","templated":true}]}}