{"id":64031,"date":"2025-12-06T17:55:08","date_gmt":"2025-12-06T20:55:08","guid":{"rendered":"https:\/\/maxradio923.com.ar\/index.php\/2025\/12\/06\/alejandro-werner-exdirector-del-fmi-el-equipo-economico-y-el-presidente-estan-mas-abiertos-a-la-acumulacion-de-reservas\/"},"modified":"2025-12-06T17:55:08","modified_gmt":"2025-12-06T20:55:08","slug":"alejandro-werner-exdirector-del-fmi-el-equipo-economico-y-el-presidente-estan-mas-abiertos-a-la-acumulacion-de-reservas","status":"publish","type":"post","link":"https:\/\/maxradio923.com.ar\/index.php\/2025\/12\/06\/alejandro-werner-exdirector-del-fmi-el-equipo-economico-y-el-presidente-estan-mas-abiertos-a-la-acumulacion-de-reservas\/","title":{"rendered":"Alejandro Werner, exdirector del FMI: \u201cEl equipo econ\u00f3mico y el presidente est\u00e1n m\u00e1s abiertos a la acumulaci\u00f3n de reservas\u201d"},"content":{"rendered":"<p><\/p>\n<h2 class=\"article-subheadline text_align_left\">Quien encabez\u00f3 la negociaci\u00f3n con Argentina durante el gobierno de Macri insisti\u00f3 en que al Fondo le preocupan la escasez de reservas y el r\u00e9gimen cambiario. Subray\u00f3 el rol de las divisas como \u201cseguro\u201d, dijo que Milei es un economista \u201cmuy local\u201d y que lograr financiaci\u00f3n adicional depende de que haya garant\u00edas<\/h2>\n<p><\/p>\n<p class=\"paragraph\">Aunque sigue preocupado por la escasez de reservas y el futuro del r\u00e9gimen cambiario del gobierno argentino, no hay dudas de que el Fondo Monetario Internacional (FMI) aprobar\u00e1 la pr\u00f3xima revisi\u00f3n del acuerdo con la Argentina, dijo el exdirector del Departamento \u201cHemisferio Occidental\u201d del organismo, <b>Alejandro Werner<\/b>, quien en una entrevista radial remarc\u00f3: \u201cArgentina ha hecho muchas cosas mejor de lo que el Fondo esperaba, sobre todo lo fiscal y tambi\u00e9n la parte de desregulaci\u00f3n, de apertura, etc\u00e9tera\u201d. <\/p>\n<p><\/p>\n<p class=\"paragraph\">\u201cEl presidente ha dicho varias cosas. Tambi\u00e9n se ha movido un poco, tambi\u00e9n hace varios meses, dijo que un pa\u00eds que flota el tipo de cambio, y tambi\u00e9n todo su equipo econ\u00f3mico ha estado en algunos podcasts gritando que flota, pero luego tambi\u00e9n dicen que Argentina no puede vivir con tanta volatilidad. Entonces, lo que yo he visto en el equipo econ\u00f3mico y en el presidente de Argentina es que han migrado de una posici\u00f3n extrema, de que un pa\u00eds en flotaci\u00f3n no necesita reservas, a estar m\u00e1s abierto al concepto de acumulaci\u00f3n de reservas\u201d, observ\u00f3 el economista, que mantiene un podcast con el periodista Mart\u00edn Kanenguiser, con quien public\u00f3 el libro \u201cLa Argentina en el Fondo\u201d. <\/p>\n<p><\/p>\n<p class=\"paragraph\">Werner destac\u00f3 que los pa\u00edses acumulan reservas para tener liquidez, para momentos donde no tienen o pierden acceso al mercado de capitales. <\/p>\n<p><\/p>\n<p class=\"paragraph\">En ese sentido, dijo, \u201ctener reservas opera como un seguro (\u2026) T\u00fa puedes tener acceso de capitales hoy y lo puedes perder dentro de un a\u00f1o. Y por algo que t\u00fa no hagas, como una crisis internacional. Por eso pa\u00edses como Brasil tienen USD 400.000 millones de reservas, con acceso al mercado internacional, M\u00e9xico tiene USD 240.000 millones, Colombia tiene como USD 50.000 o 60.000 millones, Per\u00fa, etc. O sea, pa\u00edses con m\u00e1s de una d\u00e9cada de acceso ininterrumpido, en lugar de usar estas reservas para otra cosa las mantienen como un seguro por si en un largo momento, como fue la pandemia o una crisis financiera global, etc\u00e9tera, necesitan esos recursos. <\/p>\n<p><\/p>\n<p class=\"paragraph\">En igual sentido, durante la semana, en un evento conjunto de la Fundaci\u00f3n Mediterr\u00e1nea y la Fundaci\u00f3n Capital, <b>Julio Velarde<\/b>, que preside el Banco Central de Reservas del Per\u00fa y es considerado el pilar de la estabilidad macroecon\u00f3mica peruana, a pesar de la inestabilidad pol\u00edtica del pa\u00eds andino, tambi\u00e9n se\u00f1al\u00f3 la importancia de contar con reservas y suministro un cuadro comparativo del nivel de reservas en porcentaje del PBI de diferentes pa\u00edses latinoamericanos (ver arriba)<\/p>\n<p><\/p>\n<p class=\"paragraph\">Sobre ese aspecto, y mencionando la crisis financiera de 2018, que el propio <b>Luis Caputo<\/b> vivi\u00f3 como ministro en la gesti\u00f3n macrista, Werner especul\u00f3 que tal vez ahora \u201cest\u00e1 en esto un poco m\u00e1s cerca del Fondo y el presidente est\u00e1 todav\u00eda m\u00e1s lejos\u201d. Caputo, enfatiz\u00f3, \u201cha mostrado mucha cautela en qu\u00e9 tan r\u00e1pido terminar con el cepo y en segundo lugar creo que tambi\u00e9n le gustar\u00eda contar con m\u00e1s reservas, con el acuerdo del Fondo\u201d. <\/p>\n","protected":false},"excerpt":{"rendered":"<p>Quien encabez\u00f3 la negociaci\u00f3n con Argentina durante el gobierno de Macri insisti\u00f3 en que al Fondo le preocupan la escasez de reservas y el r\u00e9gimen cambiario. Subray\u00f3 el rol de las divisas como \u201cseguro\u201d, dijo que Milei es un economista \u201cmuy local\u201d y que lograr financiaci\u00f3n adicional depende de que haya garant\u00edas Aunque sigue preocupado [&hellip;]<\/p>\n","protected":false},"author":2,"featured_media":64032,"comment_status":"","ping_status":"","sticky":false,"template":"","format":"standard","meta":{"footnotes":""},"categories":[12],"tags":[],"_links":{"self":[{"href":"https:\/\/maxradio923.com.ar\/index.php\/wp-json\/wp\/v2\/posts\/64031"}],"collection":[{"href":"https:\/\/maxradio923.com.ar\/index.php\/wp-json\/wp\/v2\/posts"}],"about":[{"href":"https:\/\/maxradio923.com.ar\/index.php\/wp-json\/wp\/v2\/types\/post"}],"author":[{"embeddable":true,"href":"https:\/\/maxradio923.com.ar\/index.php\/wp-json\/wp\/v2\/users\/2"}],"replies":[{"embeddable":true,"href":"https:\/\/maxradio923.com.ar\/index.php\/wp-json\/wp\/v2\/comments?post=64031"}],"version-history":[{"count":0,"href":"https:\/\/maxradio923.com.ar\/index.php\/wp-json\/wp\/v2\/posts\/64031\/revisions"}],"wp:featuredmedia":[{"embeddable":true,"href":"https:\/\/maxradio923.com.ar\/index.php\/wp-json\/wp\/v2\/media\/64032"}],"wp:attachment":[{"href":"https:\/\/maxradio923.com.ar\/index.php\/wp-json\/wp\/v2\/media?parent=64031"}],"wp:term":[{"taxonomy":"category","embeddable":true,"href":"https:\/\/maxradio923.com.ar\/index.php\/wp-json\/wp\/v2\/categories?post=64031"},{"taxonomy":"post_tag","embeddable":true,"href":"https:\/\/maxradio923.com.ar\/index.php\/wp-json\/wp\/v2\/tags?post=64031"}],"curies":[{"name":"wp","href":"https:\/\/api.w.org\/{rel}","templated":true}]}}