{"id":64029,"date":"2025-12-06T17:41:07","date_gmt":"2025-12-06T20:41:07","guid":{"rendered":"https:\/\/maxradio923.com.ar\/index.php\/2025\/12\/06\/la-respuesta-de-austria-tras-el-error-viral-en-las-redes-sociales-con-el-escudo-de-la-seleccion-argentina\/"},"modified":"2025-12-06T17:41:07","modified_gmt":"2025-12-06T20:41:07","slug":"la-respuesta-de-austria-tras-el-error-viral-en-las-redes-sociales-con-el-escudo-de-la-seleccion-argentina","status":"publish","type":"post","link":"https:\/\/maxradio923.com.ar\/index.php\/2025\/12\/06\/la-respuesta-de-austria-tras-el-error-viral-en-las-redes-sociales-con-el-escudo-de-la-seleccion-argentina\/","title":{"rendered":"La respuesta de Austria tras el error viral en las redes sociales con el escudo de la selecci\u00f3n argentina"},"content":{"rendered":"<p><\/p>\n<div xmlns:default=\"http:\/\/www.w3.org\/2000\/svg\">\n<div class=\"visual__image image-initial-width\"><picture><source srcset=\"https:\/\/www.infobae.com\/resizer\/v2\/ZB4RSWBE4JB3VF24ITWWUB3LYM.JPG?auth=8e8aeae9998cdc874ccc3bdad41ad944655a154cb5fd3e772e8d48306d542922&amp;smart=true&amp;width=992&amp;height=672&amp;quality=85\" media=\"(min-width: 1000px)\"\/><source srcset=\"https:\/\/www.infobae.com\/resizer\/v2\/ZB4RSWBE4JB3VF24ITWWUB3LYM.JPG?auth=8e8aeae9998cdc874ccc3bdad41ad944655a154cb5fd3e772e8d48306d542922&amp;smart=true&amp;width=768&amp;height=520&amp;quality=85\" media=\"(min-width: 768px)\"\/><source srcset=\"https:\/\/www.infobae.com\/resizer\/v2\/ZB4RSWBE4JB3VF24ITWWUB3LYM.JPG?auth=8e8aeae9998cdc874ccc3bdad41ad944655a154cb5fd3e772e8d48306d542922&amp;smart=true&amp;width=577&amp;height=391&amp;quality=85\" media=\"(min-width: 580px)\"\/><source srcset=\"https:\/\/www.infobae.com\/resizer\/v2\/ZB4RSWBE4JB3VF24ITWWUB3LYM.JPG?auth=8e8aeae9998cdc874ccc3bdad41ad944655a154cb5fd3e772e8d48306d542922&amp;smart=true&amp;width=420&amp;height=285&amp;quality=85\" media=\"(min-width: 350px)\"\/><source srcset=\"https:\/\/www.infobae.com\/resizer\/v2\/ZB4RSWBE4JB3VF24ITWWUB3LYM.JPG?auth=8e8aeae9998cdc874ccc3bdad41ad944655a154cb5fd3e772e8d48306d542922&amp;smart=true&amp;width=350&amp;height=237&amp;quality=85\" media=\"(min-width: 80px)\"\/><img alt=\"La selecci\u00f3n de Austria compartir\u00e1\" class=\"global-image\" decoding=\"async\" fetchpriority=\"high\" height=\"1558\" loading=\"eager\" src=\"https:\/\/www.infobae.com\/resizer\/v2\/ZB4RSWBE4JB3VF24ITWWUB3LYM.JPG?auth=8e8aeae9998cdc874ccc3bdad41ad944655a154cb5fd3e772e8d48306d542922&amp;smart=true&amp;width=350&amp;height=237&amp;quality=85\" width=\"2300\"\/><\/picture><figcaption class=\"article-figcaption-img\">La selecci\u00f3n de Austria compartir\u00e1 el Grupo J con Argentina (REUTERS\/Elisabeth Mandl)<\/figcaption><\/div>\n<p class=\"paragraph\">La <b>FIFA <\/b>confirm\u00f3 los d\u00edas, horarios y las sedes de todos los partidos del <b>Mundial 2026 <\/b>que organizar\u00e1n Estados Unidos, M\u00e9xico y Canad\u00e1 de manera conjunta. Cada selecci\u00f3n fue compartiendo en sus redes sociales la noticia con la informaci\u00f3n correspondiente de su equipo y <b>Austria <\/b>dio a conocer su fixture del <b>Grupo J<\/b>, el cual comparte con <b>Argentina<\/b>, <b>Argelia <\/b>y <b>Jordania<\/b>.<\/p>\n<p class=\"paragraph\">Luego de su controversial publicaci\u00f3n al conocer a sus rivales en la Copa del Mundo, en la que subi\u00f3 una versi\u00f3n antigua del escudo de la AFA, la <b>Asociaci\u00f3n Austr\u00edaca de F\u00fatbol<\/b> (OFB en sus siglas) enmend\u00f3 su error y esta vez s\u00ed public\u00f3 el logo de la <b>Asociaci\u00f3n del F\u00fatbol Argentino<\/b> actualizado con las<b> tres estrellas<\/b> correspondientes a los t\u00edtulos mundiales. <\/p>\n<div class=\"visual__image\"><picture><source srcset=\"https:\/\/www.infobae.com\/resizer\/v2\/OW4COAKAKFDJNDVGD5V2FD52WY.jpg?auth=207f8e78f973138a8881c70b2fc833edb4140067aa91ef5a4e7d81a378841ccc&amp;smart=true&amp;width=992&amp;height=1240&amp;quality=85\" media=\"(min-width: 1000px)\"\/><source srcset=\"https:\/\/www.infobae.com\/resizer\/v2\/OW4COAKAKFDJNDVGD5V2FD52WY.jpg?auth=207f8e78f973138a8881c70b2fc833edb4140067aa91ef5a4e7d81a378841ccc&amp;smart=true&amp;width=768&amp;height=960&amp;quality=85\" media=\"(min-width: 768px)\"\/><source srcset=\"https:\/\/www.infobae.com\/resizer\/v2\/OW4COAKAKFDJNDVGD5V2FD52WY.jpg?auth=207f8e78f973138a8881c70b2fc833edb4140067aa91ef5a4e7d81a378841ccc&amp;smart=true&amp;width=577&amp;height=721&amp;quality=85\" media=\"(min-width: 580px)\"\/><source srcset=\"https:\/\/www.infobae.com\/resizer\/v2\/OW4COAKAKFDJNDVGD5V2FD52WY.jpg?auth=207f8e78f973138a8881c70b2fc833edb4140067aa91ef5a4e7d81a378841ccc&amp;smart=true&amp;width=420&amp;height=525&amp;quality=85\" media=\"(min-width: 350px)\"\/><source srcset=\"https:\/\/www.infobae.com\/resizer\/v2\/OW4COAKAKFDJNDVGD5V2FD52WY.jpg?auth=207f8e78f973138a8881c70b2fc833edb4140067aa91ef5a4e7d81a378841ccc&amp;smart=true&amp;width=350&amp;height=438&amp;quality=85\" media=\"(min-width: 80px)\"\/><img alt=\"La cuenta de la Asociaci\u00f3n\" class=\"global-image\" decoding=\"async\" fetchpriority=\"low\" height=\"1350\" loading=\"lazy\" src=\"https:\/\/www.infobae.com\/resizer\/v2\/OW4COAKAKFDJNDVGD5V2FD52WY.jpg?auth=207f8e78f973138a8881c70b2fc833edb4140067aa91ef5a4e7d81a378841ccc&amp;smart=true&amp;width=350&amp;height=438&amp;quality=85\" width=\"1080\"\/><\/picture><figcaption class=\"article-figcaption-img\">La cuenta de la Asociaci\u00f3n Austr\u00edaca de F\u00fatbol public\u00f3 de manera correcta el escudo de la AFA, con las tres estrellas correspondientes (@OFB)<\/figcaption><\/div>\n<p class=\"paragraph\"><b>\u201cQue empiece la fiesta\u201d<\/b>, coment\u00f3 la OFB en sus perfiles sociales junto a un p\u00f3ster del <b>Grupo J<\/b>, el cual integra con <b>Argentina<\/b>, <b>Argelia <\/b>y <b>Jordania<\/b>. El detalle que no pas\u00f3 inadvertido entre los usuarios es que se public\u00f3 la versi\u00f3n anterior del escudo de la <b>AFA<\/b>, <b>con dos estrellas<\/b>. <\/p>\n<p class=\"paragraph\">Esta imagen <b>se hizo viral <\/b>en las distintas plataformas con comentarios alusivos al <b>\u201cerror\u201d <\/b>por haber dise\u00f1ado un afiche <b>sin la tercera estrella <\/b>que obtuvo la <b>Argentina <\/b>luego de consagrarse campeona del mundo en <b>Qatar 2022<\/b>, de la mano de<b> Lionel Messi <\/b>y compa\u00f1\u00eda tras vencer por penales a Francia en la final. De inmediato, los usuarios de <i>X (ex Twitter)<\/i> e <i>Instagram<\/i> comenzaron a responder la publicaci\u00f3n informando la omisi\u00f3n del t\u00edtulo y <b>exigieron que lo modifiquen<\/b>. Antes de la gesta en tierras \u00e1rabes, la <i>Albiceleste <\/i>hab\u00eda conseguido dos t\u00edtulos del mundo en 1978 y 1986.<\/p>\n<p class=\"paragraph\">La selecci\u00f3n de <b>Austria <\/b>debutar\u00e1 el <b>16 de junio<\/b> en la Copa del Mundo ante <b>Jordania <\/b>en el <i>San Francisco Bay Area Stadium <\/i>a la 1 de la madrugada (hora Argentina). El <b>lunes 22<\/b> ser\u00e1 el turno de enfrentar a la <i>Albiceleste<\/i> desde las 14, en Dallas, y el <b>s\u00e1bado 27<\/b>, a las 23, cerrar\u00e1 la primera fase ante <b>Jordania<\/b>. <\/p>\n<div class=\"visual__image\"><picture><source srcset=\"https:\/\/www.infobae.com\/resizer\/v2\/SENETRRQRJAI3KEDUD4X5LVDMY.jpg?auth=379232382632e96d7553665bf02046690f2a6151b2b6ac09e65e7ff9a770e805&amp;smart=true&amp;width=992&amp;height=1240&amp;quality=85\" media=\"(min-width: 1000px)\"\/><source srcset=\"https:\/\/www.infobae.com\/resizer\/v2\/SENETRRQRJAI3KEDUD4X5LVDMY.jpg?auth=379232382632e96d7553665bf02046690f2a6151b2b6ac09e65e7ff9a770e805&amp;smart=true&amp;width=768&amp;height=960&amp;quality=85\" media=\"(min-width: 768px)\"\/><source srcset=\"https:\/\/www.infobae.com\/resizer\/v2\/SENETRRQRJAI3KEDUD4X5LVDMY.jpg?auth=379232382632e96d7553665bf02046690f2a6151b2b6ac09e65e7ff9a770e805&amp;smart=true&amp;width=577&amp;height=721&amp;quality=85\" media=\"(min-width: 580px)\"\/><source srcset=\"https:\/\/www.infobae.com\/resizer\/v2\/SENETRRQRJAI3KEDUD4X5LVDMY.jpg?auth=379232382632e96d7553665bf02046690f2a6151b2b6ac09e65e7ff9a770e805&amp;smart=true&amp;width=420&amp;height=525&amp;quality=85\" media=\"(min-width: 350px)\"\/><source srcset=\"https:\/\/www.infobae.com\/resizer\/v2\/SENETRRQRJAI3KEDUD4X5LVDMY.jpg?auth=379232382632e96d7553665bf02046690f2a6151b2b6ac09e65e7ff9a770e805&amp;smart=true&amp;width=350&amp;height=438&amp;quality=85\" media=\"(min-width: 80px)\"\/><img alt=\"La Asociaci\u00f3n Austr\u00edaca de F\u00fatbol\" class=\"global-image\" decoding=\"async\" fetchpriority=\"low\" height=\"1350\" loading=\"lazy\" src=\"https:\/\/www.infobae.com\/resizer\/v2\/SENETRRQRJAI3KEDUD4X5LVDMY.jpg?auth=379232382632e96d7553665bf02046690f2a6151b2b6ac09e65e7ff9a770e805&amp;smart=true&amp;width=350&amp;height=438&amp;quality=85\" width=\"1080\"\/><\/picture><figcaption class=\"article-figcaption-img\">La Asociaci\u00f3n Austr\u00edaca de F\u00fatbol subi\u00f3 al p\u00f3ster del Grupo J el escudo de la selecci\u00f3n argentina con dos estrellas <\/figcaption><\/div>\n<p class=\"paragraph\">Luego de realizarse el sorteo de los grupos del Mundial, Respecto a los rivales, <b>Ralf Rangnick<\/b>, director t\u00e9cnico de la selecci\u00f3n de <b>Austria<\/b>, admiti\u00f3 que el mayor reto ser\u00e1 enfrentar a la <i>Albiceleste<\/i>: <b>\u201cArgentina es el rival m\u00e1s dif\u00edcil que nos pod\u00eda tocar del bombo 1, sin dudas. Ganaron la Copa del Mundo hace tres a\u00f1os y adem\u00e1s clasificaron en una forma muy dominante\u201d<\/b>.<\/p>\n<p class=\"paragraph\">En relaci\u00f3n a la identidad futbol\u00edstica del elenco europeo, Rangnick enfatiz\u00f3 el valor del trabajo colectivo: <b>\u201cLa clave de Austria es el esp\u00edritu de equipo, lo hemos mostrado en partidos importantes ante rivales top, mostramos que podemos estar a su nivel y derrotarlos\u201d<\/b>, afirm\u00f3. El entrenador insisti\u00f3 en que su selecci\u00f3n mantendr\u00e1 su filosof\u00eda de juego independientemente del adversario, tal como lo hizo durante la fase de clasificaci\u00f3n.<\/p>\n<p class=\"paragraph\">Finalmente, <b>Rangnick <\/b>dedic\u00f3 palabras de admiraci\u00f3n a <b>Lionel Messi<\/b>, figura central de la selecci\u00f3n argentina. El t\u00e9cnico expres\u00f3: <b>\u201cEs uno de los mejores, o el mejor que he visto. Honestamente, pens\u00e9 que el Mundial de Qatar iba a ser su \u00faltimo, pero con Leo no sabes qu\u00e9 puede suceder. La verdad es muy bueno jugar contra \u00e9l\u201d<\/b>.<\/p>\n<p class=\"paragraph\">El equipo dirigido por <b>Ralf Rangnick<\/b> asegur\u00f3 su boleto directo al Mundial tras sumar 19 puntos en ocho partidos, con seis victorias, un empate y una derrota. Durante la fase clasificatoria, <b>Austria anot\u00f3 22 goles y solo recibi\u00f3 cuatro<\/b>, superando a <b>Bosnia-Herzegovina<\/b>, que deber\u00e1 buscar su lugar en el torneo a trav\u00e9s del Repechaje Intercontinental. En la \u00faltima jornada, un empate en casa frente a Bosnia bast\u00f3 para sellar la clasificaci\u00f3n, gracias a la ventaja acumulada en la tabla.<\/p>\n<\/div>\n<p><script defer=\"\">try{!function(f,b,e,v,n,t,s) {if(f.fbq)return;n=f.fbq=function(){n.callMethod? n.callMethod.apply(n,arguments):n.queue.push(arguments)}; if(!f._fbq)f._fbq=n;n.push=n;n.loaded=!0;n.version='2.0'; n.queue=[];t=b.createElement(e);t.async=!0; t.src=v;s=b.getElementsByTagName(e)[0]; s.parentNode.insertBefore(t,s)}(window, document,'script', ' fbq('init', '336383993555320'); fbq('track', 'PageView'); fbq('track', 'ViewContent');}catch(error){console.log(\"Error al inicializar facebookPixelRawCodeScript:\",error);}<\/script><\/p>\n","protected":false},"excerpt":{"rendered":"<p>La selecci\u00f3n de Austria compartir\u00e1 el Grupo J con Argentina (REUTERS\/Elisabeth Mandl) La FIFA confirm\u00f3 los d\u00edas, horarios y las sedes de todos los partidos del Mundial 2026 que organizar\u00e1n Estados Unidos, M\u00e9xico y Canad\u00e1 de manera conjunta. Cada selecci\u00f3n fue compartiendo en sus redes sociales la noticia con la informaci\u00f3n correspondiente de su equipo [&hellip;]<\/p>\n","protected":false},"author":2,"featured_media":64030,"comment_status":"","ping_status":"","sticky":false,"template":"","format":"standard","meta":{"footnotes":""},"categories":[2],"tags":[],"_links":{"self":[{"href":"https:\/\/maxradio923.com.ar\/index.php\/wp-json\/wp\/v2\/posts\/64029"}],"collection":[{"href":"https:\/\/maxradio923.com.ar\/index.php\/wp-json\/wp\/v2\/posts"}],"about":[{"href":"https:\/\/maxradio923.com.ar\/index.php\/wp-json\/wp\/v2\/types\/post"}],"author":[{"embeddable":true,"href":"https:\/\/maxradio923.com.ar\/index.php\/wp-json\/wp\/v2\/users\/2"}],"replies":[{"embeddable":true,"href":"https:\/\/maxradio923.com.ar\/index.php\/wp-json\/wp\/v2\/comments?post=64029"}],"version-history":[{"count":0,"href":"https:\/\/maxradio923.com.ar\/index.php\/wp-json\/wp\/v2\/posts\/64029\/revisions"}],"wp:featuredmedia":[{"embeddable":true,"href":"https:\/\/maxradio923.com.ar\/index.php\/wp-json\/wp\/v2\/media\/64030"}],"wp:attachment":[{"href":"https:\/\/maxradio923.com.ar\/index.php\/wp-json\/wp\/v2\/media?parent=64029"}],"wp:term":[{"taxonomy":"category","embeddable":true,"href":"https:\/\/maxradio923.com.ar\/index.php\/wp-json\/wp\/v2\/categories?post=64029"},{"taxonomy":"post_tag","embeddable":true,"href":"https:\/\/maxradio923.com.ar\/index.php\/wp-json\/wp\/v2\/tags?post=64029"}],"curies":[{"name":"wp","href":"https:\/\/api.w.org\/{rel}","templated":true}]}}