{"id":64025,"date":"2025-12-06T17:23:10","date_gmt":"2025-12-06T20:23:10","guid":{"rendered":"https:\/\/maxradio923.com.ar\/index.php\/2025\/12\/06\/cande-ruggeri-compartio-su-primer-viaje-a-disney-con-su-hija-vita-fotos-en-magic-kingdom-epcot-y-los-personajes-favoritos\/"},"modified":"2025-12-06T17:23:10","modified_gmt":"2025-12-06T20:23:10","slug":"cande-ruggeri-compartio-su-primer-viaje-a-disney-con-su-hija-vita-fotos-en-magic-kingdom-epcot-y-los-personajes-favoritos","status":"publish","type":"post","link":"https:\/\/maxradio923.com.ar\/index.php\/2025\/12\/06\/cande-ruggeri-compartio-su-primer-viaje-a-disney-con-su-hija-vita-fotos-en-magic-kingdom-epcot-y-los-personajes-favoritos\/","title":{"rendered":"Cande Ruggeri comparti\u00f3 su primer viaje a Disney con su hija Vita: fotos en Magic Kingdom, Epcot y los personajes favoritos"},"content":{"rendered":"<p><\/p>\n<h2 class=\"article-subheadline text_align_left\">La influencer y su pareja viajaron a los parques de Orlando, en Estados Unidos, para disfrutar junto a su peque\u00f1a<\/h2>\n<p><\/p>\n<p class=\"paragraph\"><b>Cande Ruggeri<\/b> vivi\u00f3 su primera experiencia en <b>Disney<\/b> junto a su hija <b>Vita<\/b> y su pareja, <b>Nicol\u00e1s Maccari<\/b>, en un viaje familiar que qued\u00f3 documentado a trav\u00e9s de im\u00e1genes y mensajes en redes sociales. La visita a los parques de <b>Orlando<\/b> se transform\u00f3 en un recorrido visual y emocional, donde la alegr\u00eda y la complicidad familiar se reflejaron en cada momento.<\/p>\n<p><\/p>\n<p class=\"paragraph\">El encuentro con personajes ic\u00f3nicos fue uno de los puntos altos del viaje. <b>Vita<\/b> tuvo la oportunidad de conocer a <b>Olaf<\/b>, el popular personaje de \u201cFrozen\u201d, en un decorado colorido con sombrilla y pelota de playa. En la imagen, la ni\u00f1a toma la mano de Olaf, mientras Ruggeri sonr\u00ede a su lado. Otra fotograf\u00eda muestra a la ni\u00f1a posando junto al personaje, con una expresi\u00f3n seria que contrasta con el entorno festivo, acompa\u00f1ada del texto \u201cLa carita\u201d. M\u00e1s adelante, la peque\u00f1a aparece junto a <b>Blancanieves<\/b> frente a un pozo de piedra, ambas sonrientes bajo la luz del d\u00eda, y sobre la imagen se lee: \u201cY por fin conocimos a Blancanieves\u201d, reflejando la emoci\u00f3n del momento.<\/p>\n<p><\/p>\n<p class=\"paragraph\">La familia tambi\u00e9n recorri\u00f3 <b>Epcot<\/b>, donde las im\u00e1genes capturaron nuevos escenarios y actividades. Ruggeri pos\u00f3 de espaldas frente a la gran esfera del parque, luciendo una chaqueta de mezclilla azul con la imagen de Mickey Mouse, mientras visitantes transitaban a su alrededor. En otra escena, Cande sostiene a Vita en brazos, ambas con orejas de Mickey, mostrando galletas decoradas y sonriendo a la c\u00e1mara. Los textos sobre la imagen, \u201cY esta chiquitita que es mi compa\u00f1erita\u201d y \u201cTe amo tanto hija\u201d, subrayan el lazo afectivo y la alegr\u00eda compartida. Nicol\u00e1s tambi\u00e9n protagoniz\u00f3 momentos de complicidad, como cuando carg\u00f3 a Ruggeri a caballito frente a la esfera de Epcot, ambos sonrientes y relajados, en una imagen que resume el esp\u00edritu l\u00fadico del viaje.<\/p>\n<p><\/p>\n<p class=\"paragraph\">Las redes sociales de Ruggeri funcionaron como un diario visual del recorrido, donde cada fotograf\u00eda y mensaje transmiti\u00f3 la felicidad de la familia y la intensidad de la experiencia. Entre los comentarios destacados, se encuentran frases como \u201cY aunque no lo crean hoy hicimos 2 parques @ alguien me odia un poquito @nicomaccari\u201d, que acompa\u00f1\u00f3 una imagen de Cande levantando la mano frente a la atracci\u00f3n \u201cTower of Terror\u201d, y mensajes dedicados a Vita, como \u201cTe amo tanto hija\u201d. La complicidad y el apoyo mutuo se reflejaron en cada publicaci\u00f3n, consolidando la imagen de una familia unida y entusiasta ante cada nueva aventura.<\/p>\n<p><\/p>\n<p class=\"paragraph\">El viaje a <b>Disney<\/b> no solo represent\u00f3 una primera vez para Ruggeri y su familia, sino que tambi\u00e9n dej\u00f3 en evidencia el rol de <b>Maccari<\/b> como compa\u00f1ero constante en cada desaf\u00edo, reafirmando el esp\u00edritu de equipo que los caracteriza.<\/p>\n","protected":false},"excerpt":{"rendered":"<p>La influencer y su pareja viajaron a los parques de Orlando, en Estados Unidos, para disfrutar junto a su peque\u00f1a Cande Ruggeri vivi\u00f3 su primera experiencia en Disney junto a su hija Vita y su pareja, Nicol\u00e1s Maccari, en un viaje familiar que qued\u00f3 documentado a trav\u00e9s de im\u00e1genes y mensajes en redes sociales. La [&hellip;]<\/p>\n","protected":false},"author":2,"featured_media":64026,"comment_status":"","ping_status":"","sticky":false,"template":"","format":"standard","meta":{"footnotes":""},"categories":[12],"tags":[],"_links":{"self":[{"href":"https:\/\/maxradio923.com.ar\/index.php\/wp-json\/wp\/v2\/posts\/64025"}],"collection":[{"href":"https:\/\/maxradio923.com.ar\/index.php\/wp-json\/wp\/v2\/posts"}],"about":[{"href":"https:\/\/maxradio923.com.ar\/index.php\/wp-json\/wp\/v2\/types\/post"}],"author":[{"embeddable":true,"href":"https:\/\/maxradio923.com.ar\/index.php\/wp-json\/wp\/v2\/users\/2"}],"replies":[{"embeddable":true,"href":"https:\/\/maxradio923.com.ar\/index.php\/wp-json\/wp\/v2\/comments?post=64025"}],"version-history":[{"count":0,"href":"https:\/\/maxradio923.com.ar\/index.php\/wp-json\/wp\/v2\/posts\/64025\/revisions"}],"wp:featuredmedia":[{"embeddable":true,"href":"https:\/\/maxradio923.com.ar\/index.php\/wp-json\/wp\/v2\/media\/64026"}],"wp:attachment":[{"href":"https:\/\/maxradio923.com.ar\/index.php\/wp-json\/wp\/v2\/media?parent=64025"}],"wp:term":[{"taxonomy":"category","embeddable":true,"href":"https:\/\/maxradio923.com.ar\/index.php\/wp-json\/wp\/v2\/categories?post=64025"},{"taxonomy":"post_tag","embeddable":true,"href":"https:\/\/maxradio923.com.ar\/index.php\/wp-json\/wp\/v2\/tags?post=64025"}],"curies":[{"name":"wp","href":"https:\/\/api.w.org\/{rel}","templated":true}]}}