{"id":64013,"date":"2025-12-06T16:19:08","date_gmt":"2025-12-06T19:19:08","guid":{"rendered":"https:\/\/maxradio923.com.ar\/index.php\/2025\/12\/06\/tragedia-en-la-ruta-22-murio-el-chofer-de-un-colectivo-tras-chocar-contra-un-camion\/"},"modified":"2025-12-06T16:19:08","modified_gmt":"2025-12-06T19:19:08","slug":"tragedia-en-la-ruta-22-murio-el-chofer-de-un-colectivo-tras-chocar-contra-un-camion","status":"publish","type":"post","link":"https:\/\/maxradio923.com.ar\/index.php\/2025\/12\/06\/tragedia-en-la-ruta-22-murio-el-chofer-de-un-colectivo-tras-chocar-contra-un-camion\/","title":{"rendered":"Tragedia en la Ruta 22: muri\u00f3 el chofer de un colectivo tras chocar contra un cami\u00f3n"},"content":{"rendered":"<p><\/p>\n<h2 class=\"article-subheadline text_align_left\">El hecho ocurri\u00f3 a la altura de la localidad de M\u00e9danos, en el sur bonaerense. La mayor\u00eda de los 50 pasajeros que viajaban sufrieron heridas leves. Aseguraron que hab\u00eda mucho humo en el tramo por un incendio<\/h2>\n<p><\/p>\n<p class=\"paragraph\">Un colectivo de larga distancia de la empresa <b>V\u00eda Tac<\/b> impact\u00f3 en la madrugada de este s\u00e1bado contra la parte trasera de un cami\u00f3n <b>Scania 420<\/b> de <b>Cruz del Sur<\/b> sobre la <b>Ruta Nacional 22<\/b> a la altura del kil\u00f3metro 732, cerca de <b>M\u00e9danos<\/b>, una peque\u00f1a localidad en el sur bonaerense. Como saldo dej\u00f3 <b>un chofer fallecido y 50 pasajeros lesionados<\/b>.<\/p>\n<p><\/p>\n<p class=\"paragraph\">El impacto sucedi\u00f3 mientras ambos veh\u00edculos circulaban hacia <b>Bah\u00eda Blanca<\/b>. El colectivo, que finalizaba recorrido en la ciudad portuaria, era conducido por <b>Marcelo Miguel Cepeda<\/b>, de 50 a\u00f1os, quien falleci\u00f3 en el lugar. La violencia del choque fue tal que la v\u00edctima ni siquiera alcanz\u00f3 a ser trasladada a un hospital. El conductor del cami\u00f3n, identificado como <b>L.A.C.<\/b>, de 41 a\u00f1os, result\u00f3 ileso, indic\u00f3 <i>La Nueva<\/i>.<\/p>\n<p><\/p>\n<p class=\"paragraph\">En el micro viajaban 50 pasajeros. <b>La mayor\u00eda result\u00f3 con golpes leves.<\/b> Todos fueron asistidos en el lugar, donde trabajaron equipos m\u00e9dicos, efectivos de polic\u00eda y dotaciones de bomberos voluntarios de la zona. En ning\u00fan caso, los heridos presentaron compromiso vital.<\/p>\n<p><\/p>\n<p class=\"paragraph\">Muchos de los ocupantes se\u00f1alaron que la visibilidad era pr\u00e1cticamente nula en el tramo del impacto y que la columna de humo imped\u00eda distinguir cualquier obst\u00e1culo sobre la cinta asf\u00e1ltica, describieron a <i>Diario R\u00edo Negro<\/i>.<\/p>\n<p><\/p>\n<p class=\"paragraph\">El tr\u00e1nsito permaneci\u00f3 reducido durante varias horas, con cortes intermitentes mientras los equipos recolectaban pruebas y remov\u00edan los rodados involucrados. La escena incluy\u00f3 la asistencia de los cuerpos de seguridad y el resguardo del lugar para preservar los rastros del hecho.<\/p>\n<p><\/p>\n<p class=\"paragraph\">Seg\u00fan los partes oficiales citados por <i>La Br\u00fajula 24<\/i>, la causa fue caratulada inicialmente como <b>homicidio y lesiones culposas<\/b>, bajo la intervenci\u00f3n de la <b>Ayudant\u00eda Fiscal del Distrito de Villarino<\/b>. Se esperan los resultados de las pericias t\u00e9cnicas ordenadas para determinar las condiciones mec\u00e1nicas de ambos veh\u00edculos y precisar el grado de responsabilidad de cada uno de los involucrados.<\/p>\n","protected":false},"excerpt":{"rendered":"<p>El hecho ocurri\u00f3 a la altura de la localidad de M\u00e9danos, en el sur bonaerense. La mayor\u00eda de los 50 pasajeros que viajaban sufrieron heridas leves. Aseguraron que hab\u00eda mucho humo en el tramo por un incendio Un colectivo de larga distancia de la empresa V\u00eda Tac impact\u00f3 en la madrugada de este s\u00e1bado contra [&hellip;]<\/p>\n","protected":false},"author":2,"featured_media":64014,"comment_status":"","ping_status":"","sticky":false,"template":"","format":"standard","meta":{"footnotes":""},"categories":[12],"tags":[],"_links":{"self":[{"href":"https:\/\/maxradio923.com.ar\/index.php\/wp-json\/wp\/v2\/posts\/64013"}],"collection":[{"href":"https:\/\/maxradio923.com.ar\/index.php\/wp-json\/wp\/v2\/posts"}],"about":[{"href":"https:\/\/maxradio923.com.ar\/index.php\/wp-json\/wp\/v2\/types\/post"}],"author":[{"embeddable":true,"href":"https:\/\/maxradio923.com.ar\/index.php\/wp-json\/wp\/v2\/users\/2"}],"replies":[{"embeddable":true,"href":"https:\/\/maxradio923.com.ar\/index.php\/wp-json\/wp\/v2\/comments?post=64013"}],"version-history":[{"count":0,"href":"https:\/\/maxradio923.com.ar\/index.php\/wp-json\/wp\/v2\/posts\/64013\/revisions"}],"wp:featuredmedia":[{"embeddable":true,"href":"https:\/\/maxradio923.com.ar\/index.php\/wp-json\/wp\/v2\/media\/64014"}],"wp:attachment":[{"href":"https:\/\/maxradio923.com.ar\/index.php\/wp-json\/wp\/v2\/media?parent=64013"}],"wp:term":[{"taxonomy":"category","embeddable":true,"href":"https:\/\/maxradio923.com.ar\/index.php\/wp-json\/wp\/v2\/categories?post=64013"},{"taxonomy":"post_tag","embeddable":true,"href":"https:\/\/maxradio923.com.ar\/index.php\/wp-json\/wp\/v2\/tags?post=64013"}],"curies":[{"name":"wp","href":"https:\/\/api.w.org\/{rel}","templated":true}]}}