{"id":6342,"date":"2023-10-06T20:04:19","date_gmt":"2023-10-06T23:04:19","guid":{"rendered":"https:\/\/maxradio923.com\/index.php\/2023\/10\/06\/candidato-de-milei-comparo-a-los-gays-con-discapacitados-merecen-nuestro-respeto-como-los-rengos-y-los-ciegos\/"},"modified":"2023-10-07T10:34:10","modified_gmt":"2023-10-07T13:34:10","slug":"candidato-de-milei-comparo-a-los-gays-con-discapacitados-merecen-nuestro-respeto-como-los-rengos-y-los-ciegos","status":"publish","type":"post","link":"https:\/\/maxradio923.com.ar\/index.php\/2023\/10\/06\/candidato-de-milei-comparo-a-los-gays-con-discapacitados-merecen-nuestro-respeto-como-los-rengos-y-los-ciegos\/","title":{"rendered":"Candidato de Milei compar\u00f3 a los gays con discapacitados: \u00abMerecen nuestro respeto, como los rengos y los ciegos\u00bb"},"content":{"rendered":"<p><img decoding=\"async\" src=\"https:\/\/diariod3.com\/inicio\/wp-content\/uploads\/2023\/10\/milei.jpg_1536916664.webp\"\/><\/p>\n<p>El candidato a diputado nacional Ricardo Bussi compar\u00f3 a la comunidad LGBTQ con personas con discapacidad y consider\u00f3 que no deben recibir asistencia del Estado porque se trata de un \u00abgrupo minoritario\u00bb.<\/p>\n<p>Bussi, hijo del represor Antonio Bussi, aspirante a legislador por Fuerza Republicana y aliado en Tucum\u00e1n del postulante presidencial de La Libertad Avanza (LLA), Javier Milei, se pronunci\u00f3 as\u00ed durante un debate realizado en la Universidad Santo Tom\u00e1s de Aquino (UNSTA).<\/p>\n<p>\u00abEl que decide ser travesti, que se la banque solo; no se puede dar una cuota del Estado a alguien que pertenece a un grupo minoritario\u00bb, expres\u00f3 Bussi en el encuentro, del que participaron tambi\u00e9n los otros postulantes, el senador nacional Pablo Yedlin (Uni\u00f3n por la Patria) y el intendente de Yerba Buena, Mariano Campero (Juntos por el Cambio).<\/p>\n<p>Con todo, a modo de aclaraci\u00f3n, agreg\u00f3: \u00abSon seres humanos que merecen todo nuestro respeto. Como los rengos, como los ciegos, como los sordos. Son peque\u00f1os sectores de la sociedad que tienen que ser reconocidos, claramente\u00bb.<\/p>\n<p>Durante su exposici\u00f3n, Bussi insisti\u00f3: \u00abLo que no queremos es que lo bancamos entre todos porque el que decidi\u00f3 su camino sexual es responsable de sus decisiones, no tenemos por qu\u00e9 hacer cargo de eso a toda la comunidad\u00bb.<\/p>\n<p>Al igual que Milei, en otro tramo de su ponencia, Bussi neg\u00f3 el terrorismo de Estado cometido por la \u00faltima dictadura c\u00edvico militar: \u00abLa desaparici\u00f3n de una sola persona es lamentable; ocurre en todas las guerras y en Tucum\u00e1n hubo una guerra\u00bb.<\/p>\n<p>Tambi\u00e9n, en sinton\u00eda con su jefe pol\u00edtico, Bussi consider\u00f3 que \u00abla Justicia actu\u00f3 parcialmente, con un ojo tapado, y juzg\u00f3 solamente a los militares y no a los montoneros como Patricia Bullrich\u00bb.<\/p>\n<p>Por: Graciela Herrera<\/p>\n<p>La entrada <a href=\"https:\/\/diariod3.com\/inicio\/candidato-de-milei-comparo-a-los-gays-con-discapacitados-merecen-nuestro-respeto-como-los-rengos-y-los-ciegos\/\" rel=\"noreferrer noopener\" target=\"_blank\">Candidato de Milei compar\u00f3 a los gays con discapacitados: \u00abMerecen nuestro respeto, como los rengos y los ciegos\u00bb<\/a> se public\u00f3 primero en <a href=\"https:\/\/diariod3.com\/inicio\" rel=\"noreferrer noopener\" target=\"_blank\">DIARIO D3 NOTICIAS<\/a>.<\/p>\n","protected":false},"excerpt":{"rendered":"<p>El candidato a diputado nacional Ricardo Bussi compar\u00f3 a la comunidad LGBTQ con personas con discapacidad y consider\u00f3 que no deben recibir asistencia del Estado porque se trata de un \u00abgrupo minoritario\u00bb. Bussi, hijo del represor Antonio Bussi, aspirante a legislador por Fuerza Republicana y aliado en Tucum\u00e1n del postulante presidencial de La Libertad Avanza [&hellip;]<\/p>\n","protected":false},"author":2,"featured_media":6416,"comment_status":"closed","ping_status":"","sticky":false,"template":"","format":"standard","meta":{"footnotes":""},"categories":[12],"tags":[],"_links":{"self":[{"href":"https:\/\/maxradio923.com.ar\/index.php\/wp-json\/wp\/v2\/posts\/6342"}],"collection":[{"href":"https:\/\/maxradio923.com.ar\/index.php\/wp-json\/wp\/v2\/posts"}],"about":[{"href":"https:\/\/maxradio923.com.ar\/index.php\/wp-json\/wp\/v2\/types\/post"}],"author":[{"embeddable":true,"href":"https:\/\/maxradio923.com.ar\/index.php\/wp-json\/wp\/v2\/users\/2"}],"replies":[{"embeddable":true,"href":"https:\/\/maxradio923.com.ar\/index.php\/wp-json\/wp\/v2\/comments?post=6342"}],"version-history":[{"count":1,"href":"https:\/\/maxradio923.com.ar\/index.php\/wp-json\/wp\/v2\/posts\/6342\/revisions"}],"predecessor-version":[{"id":6366,"href":"https:\/\/maxradio923.com.ar\/index.php\/wp-json\/wp\/v2\/posts\/6342\/revisions\/6366"}],"wp:featuredmedia":[{"embeddable":true,"href":"https:\/\/maxradio923.com.ar\/index.php\/wp-json\/wp\/v2\/media\/6416"}],"wp:attachment":[{"href":"https:\/\/maxradio923.com.ar\/index.php\/wp-json\/wp\/v2\/media?parent=6342"}],"wp:term":[{"taxonomy":"category","embeddable":true,"href":"https:\/\/maxradio923.com.ar\/index.php\/wp-json\/wp\/v2\/categories?post=6342"},{"taxonomy":"post_tag","embeddable":true,"href":"https:\/\/maxradio923.com.ar\/index.php\/wp-json\/wp\/v2\/tags?post=6342"}],"curies":[{"name":"wp","href":"https:\/\/api.w.org\/{rel}","templated":true}]}}