{"id":631,"date":"2023-08-28T09:45:19","date_gmt":"2023-08-28T07:45:19","guid":{"rendered":"https:\/\/maxradio923.com\/index.php\/2023\/08\/28\/conoce-la-agenda-de-actividades-para-disfrutar-en-el-auditorio-juan-victoria\/"},"modified":"2023-08-28T09:45:19","modified_gmt":"2023-08-28T07:45:19","slug":"conoce-la-agenda-de-actividades-para-disfrutar-en-el-auditorio-juan-victoria","status":"publish","type":"post","link":"https:\/\/maxradio923.com.ar\/index.php\/2023\/08\/28\/conoce-la-agenda-de-actividades-para-disfrutar-en-el-auditorio-juan-victoria\/","title":{"rendered":"Conoc\u00e9 la agenda de actividades para disfrutar en el Auditorio Juan Victoria"},"content":{"rendered":"<p><img decoding=\"async\" src=\"https:\/\/diariod3.com\/inicio\/wp-content\/uploads\/2023\/08\/auditorio-1.jpg\"\/><br \/>\nLas propuestas van desde m\u00fasica de c\u00e1mara hasta celebraciones y paseo de emprendedores, para todo p\u00fablico.<\/p>\n<p><a href=\"https:\/\/sisanjuan.b-cdn.net\/media\/k2\/items\/cache\/32087d6d183049127bca8e66abe0e222_XL.jpg\" rel=\"noreferrer noopener\" target=\"_blank\"><img decoding=\"async\" src=\"https:\/\/sisanjuan.b-cdn.net\/media\/k2\/items\/cache\/32087d6d183049127bca8e66abe0e222_L.jpg\" alt=\"Conoc\u00e9 la agenda de actividades para disfrutar en el Auditorio Juan Victoria\"\/> <\/a>Adri\u00e1n Carrizo<\/p>\n<p>El Auditorio Juan Victoria, dependiente del Ministerio de Turismo y Cultura, se prepara para una serie de conciertos imperdibles.<\/p>\n<p>Las primeras actividades ser\u00e1n para finalizar agosto con m\u00fasica orquestal. En el marco del Ciclo de M\u00fasica de C\u00e1mara, la C\u00e1tedra de Trompeta de la Universidad Nacional de San Juan presenta \u00abUn Viaje al Pasado, Presente y Futuro\u00bb. En esta ocasi\u00f3n, los m\u00fasicos interpretar\u00e1n obras de Torelli, Goedicke, Prokofiev y D\u00e1vila, entre otros. Este evento ser\u00e1 el 30 de agosto a las 21 y la entrada es libre y gratuita.<\/p>\n<p>Asimismo, debido a las celebraciones de los 50 a\u00f1os de la UNSJ, el Auditorio se vestir\u00e1 de fiesta para el espect\u00e1culo que tendr\u00e1 lugar el 31 de agosto a las 21. Diversos coros, desde el Coro Los Jilgueritos hasta el Coro Universitario, se unir\u00e1n para el concierto \u00abFestejemos Cantando\u00bb. Las entradas estar\u00e1n disponibles los d\u00edas 28, 29 y 30 de agosto de 9 a 13en la Secretar\u00eda del Centro de Creaci\u00f3n Art\u00edstica Coral, ubicado en calle F\u00e9lix Aguilar 387 Norte, a un costo de $500.<\/p>\n<p>Septiembre ser\u00e1 un mes lleno de diversos espect\u00e1culos. Los fan\u00e1ticos de Soda Stereo tendr\u00e1n la oportunidad de vivir una experiencia \u00fanica con Sobredosis de Soda. La banda tributo n\u00famero 1 del mundo al grupo argentino se presentar\u00e1 en el marco del Tour \u00abAl calor de las masas\u00bb, el mi\u00e9rcoles 6 de septiembre a las 21. Las entradas para este evento est\u00e1n disponibles en la boleter\u00eda del Auditorio Juan Victoria, as\u00ed como tambi\u00e9n en Hoffmann Instrumentos y en EntradaWeb a trav\u00e9s del siguiente enlace: [https:\/\/www.entradaweb.com.ar\/index.php?r=site\/detalles&amp;d=0dcfbbd2](https:\/\/www.entradaweb.com.ar\/index.php?r=site\/detalles&amp;d=0dcfbbd2).<\/p>\n<p>Los valores de las entradas son los siguientes: en Platea A, de la fila 01 a 15, el precio es de $7.000; en Platea B, de la fila 16 a 20, es de $6.200; y Platea C, de la fila 21 a 25, es de $5.000.<\/p>\n<p>Por otro lado, del 7 al 11 de septiembre, se realizar\u00e1 Festibach Primaveral en diversos espacios de la provincia. En esta oportunidad, el Coro Bach y La Camerata San Juan subir\u00e1n a escena en el Auditorio Juan Victoria el domingo 10 y el lunes 11 a las 20. Las entradas tendr\u00e1n un valor $800 como bono solidario.<\/p>\n<p>Cabe destacar que durante esos d\u00edas, el Auditorio acoger\u00e1 la Feria de Emprendedores \u00abEl Paseito Emprendedor\u00bb de 17 a 21 horas, con entrada libre y gratuita.<\/p>\n<p>Otra de las propuestas m\u00e1s importantes de este mes ser\u00e1 el 1\u00b0 Festival Internacional de M\u00fasica de C\u00e1mara 2023, que se llevar\u00e1 a cabo del 7 de septiembre al 25 de octubre a las 21. El Ministerio de Turismo y Cultura, a trav\u00e9s del Auditorio y en colaboraci\u00f3n con la Universidad Nacional de San Juan, presentan este festival que contar\u00e1 con la participaci\u00f3n de artistas de San Juan, Mendoza, Santa Fe y Chile. La entrada para este evento ser\u00e1 libre y gratuita.<\/p>\n<p>La entrada <a href=\"https:\/\/diariod3.com\/inicio\/conoce-la-agenda-de-actividades-para-disfrutar-en-el-auditorio-juan-victoria\/\" rel=\"noreferrer noopener\" target=\"_blank\">Conoc\u00e9 la agenda de actividades para disfrutar en el Auditorio Juan Victoria<\/a> se public\u00f3 primero en <a href=\"https:\/\/diariod3.com\/inicio\" rel=\"noreferrer noopener\" target=\"_blank\">DIARIO D3 NOTICIAS<\/a>.<\/p>\n","protected":false},"excerpt":{"rendered":"<p>Las propuestas van desde m\u00fasica de c\u00e1mara hasta celebraciones y paseo de emprendedores, para todo p\u00fablico. Adri\u00e1n Carrizo El Auditorio Juan Victoria, dependiente del Ministerio de Turismo y Cultura, se prepara para una serie de conciertos imperdibles. Las primeras actividades ser\u00e1n para finalizar agosto con m\u00fasica orquestal. En el marco del Ciclo de M\u00fasica de [&hellip;]<\/p>\n","protected":false},"author":1,"featured_media":0,"comment_status":"open","ping_status":"open","sticky":false,"template":"","format":"standard","meta":{"footnotes":""},"categories":[10],"tags":[],"_links":{"self":[{"href":"https:\/\/maxradio923.com.ar\/index.php\/wp-json\/wp\/v2\/posts\/631"}],"collection":[{"href":"https:\/\/maxradio923.com.ar\/index.php\/wp-json\/wp\/v2\/posts"}],"about":[{"href":"https:\/\/maxradio923.com.ar\/index.php\/wp-json\/wp\/v2\/types\/post"}],"author":[{"embeddable":true,"href":"https:\/\/maxradio923.com.ar\/index.php\/wp-json\/wp\/v2\/users\/1"}],"replies":[{"embeddable":true,"href":"https:\/\/maxradio923.com.ar\/index.php\/wp-json\/wp\/v2\/comments?post=631"}],"version-history":[{"count":0,"href":"https:\/\/maxradio923.com.ar\/index.php\/wp-json\/wp\/v2\/posts\/631\/revisions"}],"wp:attachment":[{"href":"https:\/\/maxradio923.com.ar\/index.php\/wp-json\/wp\/v2\/media?parent=631"}],"wp:term":[{"taxonomy":"category","embeddable":true,"href":"https:\/\/maxradio923.com.ar\/index.php\/wp-json\/wp\/v2\/categories?post=631"},{"taxonomy":"post_tag","embeddable":true,"href":"https:\/\/maxradio923.com.ar\/index.php\/wp-json\/wp\/v2\/tags?post=631"}],"curies":[{"name":"wp","href":"https:\/\/api.w.org\/{rel}","templated":true}]}}