{"id":6292,"date":"2023-10-06T13:34:31","date_gmt":"2023-10-06T16:34:31","guid":{"rendered":"https:\/\/maxradio923.com\/index.php\/2023\/10\/06\/de-pedro-milei-quiere-una-argentina-donde-los-recursos-sirvan-para-financiar-negociados\/"},"modified":"2023-10-06T17:54:37","modified_gmt":"2023-10-06T20:54:37","slug":"de-pedro-milei-quiere-una-argentina-donde-los-recursos-sirvan-para-financiar-negociados","status":"publish","type":"post","link":"https:\/\/maxradio923.com.ar\/index.php\/2023\/10\/06\/de-pedro-milei-quiere-una-argentina-donde-los-recursos-sirvan-para-financiar-negociados\/","title":{"rendered":"De Pedro: \u00abMilei quiere una Argentina donde los recursos sirvan para financiar negociados\u00bb"},"content":{"rendered":"<p><img decoding=\"async\" src=\"https:\/\/diariod3.com\/inicio\/wp-content\/uploads\/2023\/10\/650392ab47bb7_1200.jpg\"\/><\/p>\n<p>\u00abAlgunos buscan volver a los \u201990 o a la gesti\u00f3n de Mauricio Macri. Nosotros queremos una Argentina con trabajo, industria, defendiendo a las Malvinas y la convivencia pac\u00edfica\u00bb, plante\u00f3 el ministro del Interior.<\/p>\n<figure><img decoding=\"async\" src=\"https:\/\/www.telam.com.ar\/thumbs\/bluesteel\/advf\/imagenes\/2023\/09\/650392ab47bb7_1200.jpg\" alt=\"Foto Cris Sille\"\/><figcaption>Foto: Cris Sille.<\/figcaption><\/figure>\n<p><strong>El ministro del Interior<\/strong> y jefe de campa\u00f1a de Uni\u00f3n por la Patria (UxP), <strong>Eduardo \u2018Wado\u2019 de Pedro<\/strong>, advirti\u00f3 que el candidato de La Libertad Avanza, <strong>Javier Milei, quiere \u00abuna Argentina para pocos\u00bb<\/strong> en la que los recursos disponibles <strong>\u00absirvan para financiar negociados\u00bb<\/strong>.<\/p>\n<p>\u00abEn t\u00e9rmino de valores quieren una sociedad muy chiquitita. <strong>La propuesta de Milei tiene que ver con unos que quieren una Argentina para pocos, en la que todos los recursos que hay sirvan para financiar negociados<\/strong>\u00ab, dijo en declaraciones a Radio 10 el candidato a senador nacional por la provincia de Buenos Aires.<\/p>\n<p>\u00abMuchos gobiernos llegaron para hacer negociados de determinados grupos econ\u00f3micos y despu\u00e9s vino el peronismo a resolver, reconstruir el desastre\u00bb, agreg\u00f3.<\/p>\n<p>En esa l\u00ednea, el ministro dijo que, de cara a las elecciones presidenciales, \u00abalgunos quieren volver a la d\u00e9cada de los \u201990, algunos quieren volver a la gesti\u00f3n de Mauricio Macri, y nosotros queremos una Argentina con trabajo, con industria, con desarrollo, defendiendo a las Malvinas y defendiendo la convivencia pac\u00edfica\u00bb.<\/p>\n<figure><img decoding=\"async\" src=\"https:\/\/www.telam.com.ar\/thumbs\/bluesteel\/advf\/imagenes\/2023\/10\/651a24fa844ee_1200.jpg\" alt=\"Foto Emilio Rapetti\"\/><figcaption>Foto Emilio Rapetti.<\/figcaption><\/figure>\n<p>\u00abCuando Milei habla de que hacer una Argentina distinta es imposible con los mismo de siempre, hay que recordarle a la gente que entre 2003 y 2015  la Argentina fue distinta\u00bb, al abarcar a los sucesivos gobiernos de N\u00e9stor Kirchner y Cristina Fern\u00e1ndez.<\/p>\n<p>Al respecto, ponder\u00f3 que en ese per\u00edodo \u00abse sali\u00f3 de esa desocupaci\u00f3n tal alta, se baj\u00f3 la pobreza, la gente pod\u00eda llegar a fin de mes y se desendeud\u00f3 el pa\u00eds\u00bb y remarc\u00f3 que \u00abvolvieron los planes de vivienda y el Estado comenz\u00f3 a funcionar como un Estado articulador\u00bb.<\/p>\n<p>El jefe de campa\u00f1a del oficialismo destac\u00f3 las \u00abdecisiones fuertes\u00bb adoptadas en las \u00faltimas semanas por el ministro de Econom\u00eda y candidato presidencial, Sergio Massa, que lo hicieron \u00abganar la agenda\u00bb p\u00fablica y dijo que la campa\u00f1a \u00abva tomando color, va tomando rumbo\u00bb.<\/p>\n<p>Asimismo destac\u00f3 que Massa \u00abrepresenta ese Estado inteligente, moderno, esos valores que tiene que ver con el peronismo: poder funcionar en una comunidad organizada, poder gobernador para todos sin resentimiento, sin odio\u00bb.<\/p>\n<figure><img decoding=\"async\" src=\"https:\/\/www.telam.com.ar\/thumbs\/bluesteel\/advf\/imagenes\/2023\/07\/64a5dc6ca5f67_1200.jpg\" alt=\"Foto TW wadodecorrido\"\/><figcaption>Foto: TW @wadodecorrido<\/figcaption><\/figure>\n<p>Remarc\u00f3 tambi\u00e9n que Massa \u00abtuvo y tiene la decisi\u00f3n y voluntad de ir y pelear con los tramposos de siempre\u00bb y destac\u00f3 la tarea del titular de la Aduana, Guillermo Michel, quien sostuvo que \u00abha encarada una acci\u00f3n inteligente con todos los vivos que terminan haciendo un gran da\u00f1o a los comerciantes\u00bb.<\/p>\n<p>De cara al segundo debate presidencial del domingo, De Pedro pidi\u00f3 que los militantes que participen en las redes: \u00abQuiero convocar a que participen del debate, que se metan en las redes de Sergio Masa y UxP, que opinen\u00bb, reclam\u00f3.<\/p>\n<p>Por \u00faltimo, convoc\u00f3 a la militancia con vistas a las elecciones del pr\u00f3ximo 22: \u00abEstas dos semanas todos a militar. Cada uno tiene que convencer a uno que no fue a votar y a otro que fue a votar por otro\u00bb.<\/p>\n<p>La entrada <a href=\"https:\/\/diariod3.com\/inicio\/de-pedro-milei-quiere-una-argentina-donde-los-recursos-sirvan-para-financiar-negociados\/\" rel=\"noreferrer noopener\" target=\"_blank\">De Pedro: \u00abMilei quiere una Argentina donde los recursos sirvan para financiar negociados\u00bb<\/a> se public\u00f3 primero en <a href=\"https:\/\/diariod3.com\/inicio\" rel=\"noreferrer noopener\" target=\"_blank\">DIARIO D3 NOTICIAS<\/a>.<\/p>\n","protected":false},"excerpt":{"rendered":"<p>\u00abAlgunos buscan volver a los \u201990 o a la gesti\u00f3n de Mauricio Macri. Nosotros queremos una Argentina con trabajo, industria, defendiendo a las Malvinas y la convivencia pac\u00edfica\u00bb, plante\u00f3 el ministro del Interior. Foto: Cris Sille. El ministro del Interior y jefe de campa\u00f1a de Uni\u00f3n por la Patria (UxP), Eduardo \u2018Wado\u2019 de Pedro, advirti\u00f3 [&hellip;]<\/p>\n","protected":false},"author":2,"featured_media":6321,"comment_status":"closed","ping_status":"","sticky":false,"template":"","format":"standard","meta":{"footnotes":""},"categories":[12],"tags":[],"_links":{"self":[{"href":"https:\/\/maxradio923.com.ar\/index.php\/wp-json\/wp\/v2\/posts\/6292"}],"collection":[{"href":"https:\/\/maxradio923.com.ar\/index.php\/wp-json\/wp\/v2\/posts"}],"about":[{"href":"https:\/\/maxradio923.com.ar\/index.php\/wp-json\/wp\/v2\/types\/post"}],"author":[{"embeddable":true,"href":"https:\/\/maxradio923.com.ar\/index.php\/wp-json\/wp\/v2\/users\/2"}],"replies":[{"embeddable":true,"href":"https:\/\/maxradio923.com.ar\/index.php\/wp-json\/wp\/v2\/comments?post=6292"}],"version-history":[{"count":1,"href":"https:\/\/maxradio923.com.ar\/index.php\/wp-json\/wp\/v2\/posts\/6292\/revisions"}],"predecessor-version":[{"id":6314,"href":"https:\/\/maxradio923.com.ar\/index.php\/wp-json\/wp\/v2\/posts\/6292\/revisions\/6314"}],"wp:featuredmedia":[{"embeddable":true,"href":"https:\/\/maxradio923.com.ar\/index.php\/wp-json\/wp\/v2\/media\/6321"}],"wp:attachment":[{"href":"https:\/\/maxradio923.com.ar\/index.php\/wp-json\/wp\/v2\/media?parent=6292"}],"wp:term":[{"taxonomy":"category","embeddable":true,"href":"https:\/\/maxradio923.com.ar\/index.php\/wp-json\/wp\/v2\/categories?post=6292"},{"taxonomy":"post_tag","embeddable":true,"href":"https:\/\/maxradio923.com.ar\/index.php\/wp-json\/wp\/v2\/tags?post=6292"}],"curies":[{"name":"wp","href":"https:\/\/api.w.org\/{rel}","templated":true}]}}