{"id":62081,"date":"2025-11-28T04:25:02","date_gmt":"2025-11-28T07:25:02","guid":{"rendered":"https:\/\/maxradio923.com.ar\/index.php\/2025\/11\/28\/abuso-sexualmente-de-su-hijastra-por-siete-anos-huyo-a-peru-y-lo-capturaron-por-una-foto-en-redes-sociales\/"},"modified":"2025-11-28T04:25:02","modified_gmt":"2025-11-28T07:25:02","slug":"abuso-sexualmente-de-su-hijastra-por-siete-anos-huyo-a-peru-y-lo-capturaron-por-una-foto-en-redes-sociales","status":"publish","type":"post","link":"https:\/\/maxradio923.com.ar\/index.php\/2025\/11\/28\/abuso-sexualmente-de-su-hijastra-por-siete-anos-huyo-a-peru-y-lo-capturaron-por-una-foto-en-redes-sociales\/","title":{"rendered":"Abus\u00f3 sexualmente de su hijastra por siete a\u00f1os, huy\u00f3 a Per\u00fa y lo capturaron por una foto en redes sociales"},"content":{"rendered":"<p><\/p>\n<h2 class=\"article-subheadline text_align_left\">Tras a\u00f1os de investigaci\u00f3n, el sospechoso fue extraditado a Argentina tras una compleja operaci\u00f3n de cooperaci\u00f3n judicial y policial con Per\u00fa<\/h2>\n<p><\/p>\n<p class=\"paragraph\">Un <b>ciudadano peruano,<\/b> acusado de <b>abuso sexual<\/b> contra la hija de su ex pareja, fue <b>extraditado a la Argentina<\/b> tras ser localizado en la ciudad de Tacna, <b>Per\u00fa<\/b>. Su traslado se concret\u00f3 este jueves, en cumplimiento de directivas del <b>Ministerio de Seguridad<\/b>.<\/p>\n<p><\/p>\n<p class=\"paragraph\">La gravedad de los hechos motiv\u00f3 la intervenci\u00f3n del <b>Juzgado Nacional en lo Criminal y Correccional N\u00b0 53<\/b>, a cargo de <b>\u00c9rica Uhrlandt<\/b>, quien orden\u00f3 la captura internacional del sospechoso.<\/p>\n<p><\/p>\n<p class=\"paragraph\">La b\u00fasqueda del pr\u00f3fugo se intensific\u00f3 a partir de la colaboraci\u00f3n entre la <b>Divisi\u00f3n Investigaci\u00f3n Federal de Fugitivos y Extradiciones<\/b> e <b>Interpol-Per\u00fa<\/b>.<\/p>\n<p><\/p>\n<p class=\"paragraph\">El intercambio de informaci\u00f3n entre ambos pa\u00edses permiti\u00f3 reunir datos clave para la localizaci\u00f3n del acusado. Las autoridades argentinas ampliaron las pesquisas mediante ciberpatrullajes, logrando identificar al requerido a trav\u00e9s de un perfil en la red social <b>Facebook<\/b>, donde aparec\u00eda junto a su familia en la ciudad peruana de Tacna.<\/p>\n<p><\/p>\n<p class=\"paragraph\">Ante la posibilidad de que el fugitivo intentara cruzar a <b>Bolivia<\/b>, los efectivos solicitaron al juzgado interviniente que gestionara la remisi\u00f3n del pedido de detenci\u00f3n por la v\u00eda diplom\u00e1tica. Esta medida buscaba asegurar la captura del acusado en caso de que abandonara territorio peruano.<\/p>\n<p><\/p>\n<p class=\"paragraph\">Finalmente, en cumplimiento de los compromisos internacionales asumidos por el Estado argentino y las disposiciones de la magistratura, una comisi\u00f3n policial viaj\u00f3 a Per\u00fa para asumir la custodia y el traslado del detenido. El acusado ya se encuentra en Argentina, donde deber\u00e1 afrontar el proceso judicial correspondiente.<\/p>\n","protected":false},"excerpt":{"rendered":"<p>Tras a\u00f1os de investigaci\u00f3n, el sospechoso fue extraditado a Argentina tras una compleja operaci\u00f3n de cooperaci\u00f3n judicial y policial con Per\u00fa Un ciudadano peruano, acusado de abuso sexual contra la hija de su ex pareja, fue extraditado a la Argentina tras ser localizado en la ciudad de Tacna, Per\u00fa. Su traslado se concret\u00f3 este jueves, [&hellip;]<\/p>\n","protected":false},"author":2,"featured_media":62082,"comment_status":"","ping_status":"","sticky":false,"template":"","format":"standard","meta":{"footnotes":""},"categories":[12],"tags":[],"_links":{"self":[{"href":"https:\/\/maxradio923.com.ar\/index.php\/wp-json\/wp\/v2\/posts\/62081"}],"collection":[{"href":"https:\/\/maxradio923.com.ar\/index.php\/wp-json\/wp\/v2\/posts"}],"about":[{"href":"https:\/\/maxradio923.com.ar\/index.php\/wp-json\/wp\/v2\/types\/post"}],"author":[{"embeddable":true,"href":"https:\/\/maxradio923.com.ar\/index.php\/wp-json\/wp\/v2\/users\/2"}],"replies":[{"embeddable":true,"href":"https:\/\/maxradio923.com.ar\/index.php\/wp-json\/wp\/v2\/comments?post=62081"}],"version-history":[{"count":0,"href":"https:\/\/maxradio923.com.ar\/index.php\/wp-json\/wp\/v2\/posts\/62081\/revisions"}],"wp:featuredmedia":[{"embeddable":true,"href":"https:\/\/maxradio923.com.ar\/index.php\/wp-json\/wp\/v2\/media\/62082"}],"wp:attachment":[{"href":"https:\/\/maxradio923.com.ar\/index.php\/wp-json\/wp\/v2\/media?parent=62081"}],"wp:term":[{"taxonomy":"category","embeddable":true,"href":"https:\/\/maxradio923.com.ar\/index.php\/wp-json\/wp\/v2\/categories?post=62081"},{"taxonomy":"post_tag","embeddable":true,"href":"https:\/\/maxradio923.com.ar\/index.php\/wp-json\/wp\/v2\/tags?post=62081"}],"curies":[{"name":"wp","href":"https:\/\/api.w.org\/{rel}","templated":true}]}}