{"id":62078,"date":"2025-11-28T03:51:02","date_gmt":"2025-11-28T06:51:02","guid":{"rendered":"https:\/\/maxradio923.com.ar\/index.php\/2025\/11\/28\/se-conocera-hoy-el-veredicto-contra-el-hombre-acusado-de-prender-fuego-y-matar-a-su-pareja-en-la-plata\/"},"modified":"2025-11-28T03:51:02","modified_gmt":"2025-11-28T06:51:02","slug":"se-conocera-hoy-el-veredicto-contra-el-hombre-acusado-de-prender-fuego-y-matar-a-su-pareja-en-la-plata","status":"publish","type":"post","link":"https:\/\/maxradio923.com.ar\/index.php\/2025\/11\/28\/se-conocera-hoy-el-veredicto-contra-el-hombre-acusado-de-prender-fuego-y-matar-a-su-pareja-en-la-plata\/","title":{"rendered":"Se conocer\u00e1 hoy el veredicto contra el hombre acusado de prender fuego y matar a su pareja en La Plata"},"content":{"rendered":"<p><\/p>\n<h2 class=\"article-subheadline text_align_left\">H\u00e9ctor Carrizo comenz\u00f3 a ser jugado el pasado el 28 de agosto por los delitos de incendio, amenazas y homicidio agravado por mediar violencia de g\u00e9nero<\/h2>\n<p><\/p>\n<p class=\"paragraph\">El <b>Tribunal Oral y Criminal 4 de<\/b> <b>La Plata<\/b> dar\u00e1 a conocer este viernes el veredicto en el juicio por el crimen de <i><b>Romina Videla<\/b><\/i>, quien <i>falleci\u00f3 en 2025 debido a las quemaduras que sufri\u00f3 en el 80 por ciento de su cuerpo <\/i>por un incendio en su casa de <b>Melchor Romero<\/b>.<\/p>\n<p><\/p>\n<p class=\"paragraph\">El episodio ocurri\u00f3 el 27 de marzo de 2020, en la <b>calle 519<\/b> entre 184 y 185 de la periferia platense. En el expediente, figuraban denuncias previas presentadas por la v\u00edctima en donde hablaba de amenazas de muerte por parte de Carrizo. Este fue uno de los elementos utilizados por la Fiscal\u00eda para argumentar el pedido de condena.<\/p>\n<p><\/p>\n<p class=\"paragraph\">El expediente, a cargo de la <b>Unidad Funcional de Instrucci\u00f3n N\u00b0 17 de La Plata<\/b> y dirigido originalmente por la fiscal <b>Mar\u00eda Eugenia Di Lorenzo<\/b>, reconstruy\u00f3 que la secuencia que deriv\u00f3 en el hecho comenz\u00f3 con una discusi\u00f3n entre ambos adultos. En ese contexto, el acusado habr\u00eda sacado a las hijas que ten\u00eda en com\u00fan con Videla de la vivienda en donde ocurri\u00f3 todo y, tras una serie de insultos e impedirle salir, habr\u00eda iniciado el foco \u00edgneo. <\/p>\n<p><\/p>\n<p class=\"paragraph\">El resto de los hijos presentes pudieron escapar de las llamas, pero Videla result\u00f3 gravemente herida y fue trasladada primero al <b>Hospital Alejandro Korn<\/b> y luego al <b>Instituto del Quemado<\/b>, donde falleci\u00f3 a causa de quemaduras que afectaron el 80 por ciento de su cuerpo. La v\u00edctima era madre de seis hijos. Al momento de su muerte, los ni\u00f1os quedaron al resguardo de la primera pareja del acusado. <\/p>\n<p><\/p>\n<p class=\"paragraph\">El fiscal <b>Lucas Domski<\/b> solicit\u00f3 que el acusado sea condenado a <b>prisi\u00f3n perpetua<\/b>, al considerar acreditado que el incendio fue intencional. Durante la exposici\u00f3n de argumentos, acudi\u00f3 a la declaraci\u00f3n de los testimonios, las pruebas documentales e informes periciales y acudi\u00f3 a la acusaci\u00f3n por provocar el incendio. La familia de Videla y sus allegados reiteraron que exist\u00eda un contexto de violencia y amenazas.<\/p>\n<p><\/p>\n<p class=\"paragraph\">Por su parte, la defensa de <b>Carrizo<\/b> estuvo a cargo de los abogados <b>Juan y Miguel Di Nardo<\/b>, quienes reclamaron la absoluci\u00f3n de su defendido. La estrategia de la defensa se bas\u00f3 en destacar la falta de pruebas directas que lo vincularan con un incendio intencional, aduciendo que las pericias realizadas no determinaron con precisi\u00f3n el origen ni aportaron testimonios que hayan presenciado alguna agresi\u00f3n directa en el momento del hecho. <\/p>\n","protected":false},"excerpt":{"rendered":"<p>H\u00e9ctor Carrizo comenz\u00f3 a ser jugado el pasado el 28 de agosto por los delitos de incendio, amenazas y homicidio agravado por mediar violencia de g\u00e9nero El Tribunal Oral y Criminal 4 de La Plata dar\u00e1 a conocer este viernes el veredicto en el juicio por el crimen de Romina Videla, quien falleci\u00f3 en 2025 [&hellip;]<\/p>\n","protected":false},"author":2,"featured_media":53710,"comment_status":"","ping_status":"","sticky":false,"template":"","format":"standard","meta":{"footnotes":""},"categories":[12],"tags":[],"_links":{"self":[{"href":"https:\/\/maxradio923.com.ar\/index.php\/wp-json\/wp\/v2\/posts\/62078"}],"collection":[{"href":"https:\/\/maxradio923.com.ar\/index.php\/wp-json\/wp\/v2\/posts"}],"about":[{"href":"https:\/\/maxradio923.com.ar\/index.php\/wp-json\/wp\/v2\/types\/post"}],"author":[{"embeddable":true,"href":"https:\/\/maxradio923.com.ar\/index.php\/wp-json\/wp\/v2\/users\/2"}],"replies":[{"embeddable":true,"href":"https:\/\/maxradio923.com.ar\/index.php\/wp-json\/wp\/v2\/comments?post=62078"}],"version-history":[{"count":0,"href":"https:\/\/maxradio923.com.ar\/index.php\/wp-json\/wp\/v2\/posts\/62078\/revisions"}],"wp:featuredmedia":[{"embeddable":true,"href":"https:\/\/maxradio923.com.ar\/index.php\/wp-json\/wp\/v2\/media\/53710"}],"wp:attachment":[{"href":"https:\/\/maxradio923.com.ar\/index.php\/wp-json\/wp\/v2\/media?parent=62078"}],"wp:term":[{"taxonomy":"category","embeddable":true,"href":"https:\/\/maxradio923.com.ar\/index.php\/wp-json\/wp\/v2\/categories?post=62078"},{"taxonomy":"post_tag","embeddable":true,"href":"https:\/\/maxradio923.com.ar\/index.php\/wp-json\/wp\/v2\/tags?post=62078"}],"curies":[{"name":"wp","href":"https:\/\/api.w.org\/{rel}","templated":true}]}}