{"id":62074,"date":"2025-11-28T03:19:03","date_gmt":"2025-11-28T06:19:03","guid":{"rendered":"https:\/\/maxradio923.com.ar\/index.php\/2025\/11\/28\/el-detras-de-escena-de-los-martin-fierro-de-cable-2025-glamour-shows-emotivos-y-gestos-de-desilusion\/"},"modified":"2025-11-28T03:19:03","modified_gmt":"2025-11-28T06:19:03","slug":"el-detras-de-escena-de-los-martin-fierro-de-cable-2025-glamour-shows-emotivos-y-gestos-de-desilusion","status":"publish","type":"post","link":"https:\/\/maxradio923.com.ar\/index.php\/2025\/11\/28\/el-detras-de-escena-de-los-martin-fierro-de-cable-2025-glamour-shows-emotivos-y-gestos-de-desilusion\/","title":{"rendered":"El detr\u00e1s de escena de los Mart\u00edn Fierro de Cable 2025: glamour, shows emotivos y gestos de desilusi\u00f3n"},"content":{"rendered":"<p><\/p>\n<h2 class=\"article-subheadline text_align_left\">La 29\u00aa edici\u00f3n de los premios de APTRA tuvo una noche llena de emoci\u00f3n, entre clips cinematogr\u00e1ficos, un In Memoriam innovador y una ceremonia que celebr\u00f3 m\u00e1s de 35 rubros<\/h2>\n<p><\/p>\n<p class=\"paragraph\">La edici\u00f3n 29\u00b0 de los <i><b>Mart\u00edn Fierro de Cable 2025<\/b><\/i> comenz\u00f3 a sentirse mucho antes de que las c\u00e1maras se encendieran. El calor h\u00famedo de la tarde porte\u00f1a no impidi\u00f3 que, desde las 19.30, una multitud de invitados, productores, periodistas y celebridades llegaran al <b>Goldencenter de Parque Norte<\/b>, donde la alfombra roja se despleg\u00f3 a cielo abierto con un despliegue visual que busc\u00f3 superar a las \u00faltimas ediciones. El ingreso estaba dominado por estatuas gigantes del Mart\u00edn Fierro, un corredor de luces c\u00e1lidas y estructuras doradas que funcionaron como una escenograf\u00eda viva para fotos, videos y el paso de la <b>Glambot<\/b>, la c\u00e1mara rob\u00f3tica de ultra slow motion que se usa en los Oscars y los Grammys.<\/p>\n<p><\/p>\n<p class=\"paragraph\">La gala abri\u00f3 con un clip cinematogr\u00e1fico protagonizado por el gaucho Mart\u00edn Fierro, que recorri\u00f3 el pa\u00eds a caballo hasta llegar al predio de Parque Norte, musicalizado con una versi\u00f3n dance de <i>En la ciudad de la furia<\/i>. Y, acto seguido, fue <b>Luis Ventura<\/b> quien tom\u00f3 la palabra desde el escenario, con una apertura que combin\u00f3 reivindicaci\u00f3n, tono combativo y novedad hist\u00f3rica: \u201c<b>Vamos a tener la primera estatuilla ba\u00f1ada en oro genuino<\/b>\u201d, anunci\u00f3 con \u00e9nfasis. Y sigui\u00f3: \u201c<b>Estamos en una pantalla poderosa<\/b>\u201d, dijo en referencia a la transmisi\u00f3n de C5N, antes de apuntar contra las cr\u00edticas que circularon durante la semana: \u201cEste premio hace a\u00f1os se gan\u00f3 un lugar en el mundo\u201d.<\/p>\n<p><\/p>\n<p class=\"paragraph\">Con ese clima comenz\u00f3 la entrega de premios, encabezada por <b>Lizy Tagliani<\/b> y <b>Juan Di Natale<\/b>, responsables de guiar una ceremonia que pronto se llen\u00f3 de emociones, discusiones, discursos intensos y ovaciones.<\/p>\n<p><\/p>\n<p class=\"paragraph\">El primer ganador de la noche fue <b>+Caras<\/b>, conducido por H\u00e9ctor Maugeri, que se llev\u00f3 el premio a <b>Mejor Programa de Entrevistas<\/b>. El periodista subi\u00f3 visiblemente conmovido y abri\u00f3 su discurso con una frase que marc\u00f3 el tono: \u201c<b>Qu\u00e9 emoci\u00f3n enorme, cu\u00e1ntas veces de ni\u00f1o so\u00f1\u00e9 con un momento as\u00ed<\/b>\u201d. Record\u00f3 sus tres d\u00e9cadas en la gr\u00e1fica, su paso de la revista a la televisi\u00f3n y la primera entrevista que hizo: \u201cLa primera fue a Mirtha Legrand, estaba atemorizado\u2026 pero la gente me abraz\u00f3 desde el primer d\u00eda\u201d. Al mencionar a su padre, la voz se le quebr\u00f3: el sal\u00f3n lo aplaudi\u00f3 de pie.<\/p>\n<p><\/p>\n<p class=\"paragraph\">La gala continu\u00f3 con el premio a <b>Temas M\u00e9dicos<\/b>, que qued\u00f3 en manos de <i>El Secreto Mejor Guardado<\/i>, conducido por Fernando Felice. Luego fue el turno del <b>Mejor Documental<\/b>, donde <i>Menem Junior: La Muerte del Hijo del Presidente<\/i> (Discovery) se impuso en una terna muy comentada.<\/p>\n<p><\/p>\n<p class=\"paragraph\">En <b>Arte, Moda y Tendencia<\/b>, el galard\u00f3n fue para <i>La Jaula de la Moda<\/i>; mientras que en <b>Deportivo<\/b>, la estatuilla qued\u00f3 en manos de <i>\u00daltima Vuelta<\/i>. M\u00e1s tarde, el rubro <b>Econ\u00f3mico<\/b> premi\u00f3 a <i>Comunidad de Negocios<\/i>, y el reconocimiento al <b>Mejor Aviso Publicitario<\/b> fue para la campa\u00f1a por el 110\u00b0 aniversario de Shell.<\/p>\n","protected":false},"excerpt":{"rendered":"<p>La 29\u00aa edici\u00f3n de los premios de APTRA tuvo una noche llena de emoci\u00f3n, entre clips cinematogr\u00e1ficos, un In Memoriam innovador y una ceremonia que celebr\u00f3 m\u00e1s de 35 rubros La edici\u00f3n 29\u00b0 de los Mart\u00edn Fierro de Cable 2025 comenz\u00f3 a sentirse mucho antes de que las c\u00e1maras se encendieran. El calor h\u00famedo de [&hellip;]<\/p>\n","protected":false},"author":2,"featured_media":62075,"comment_status":"","ping_status":"","sticky":false,"template":"","format":"standard","meta":{"footnotes":""},"categories":[12],"tags":[],"_links":{"self":[{"href":"https:\/\/maxradio923.com.ar\/index.php\/wp-json\/wp\/v2\/posts\/62074"}],"collection":[{"href":"https:\/\/maxradio923.com.ar\/index.php\/wp-json\/wp\/v2\/posts"}],"about":[{"href":"https:\/\/maxradio923.com.ar\/index.php\/wp-json\/wp\/v2\/types\/post"}],"author":[{"embeddable":true,"href":"https:\/\/maxradio923.com.ar\/index.php\/wp-json\/wp\/v2\/users\/2"}],"replies":[{"embeddable":true,"href":"https:\/\/maxradio923.com.ar\/index.php\/wp-json\/wp\/v2\/comments?post=62074"}],"version-history":[{"count":0,"href":"https:\/\/maxradio923.com.ar\/index.php\/wp-json\/wp\/v2\/posts\/62074\/revisions"}],"wp:featuredmedia":[{"embeddable":true,"href":"https:\/\/maxradio923.com.ar\/index.php\/wp-json\/wp\/v2\/media\/62075"}],"wp:attachment":[{"href":"https:\/\/maxradio923.com.ar\/index.php\/wp-json\/wp\/v2\/media?parent=62074"}],"wp:term":[{"taxonomy":"category","embeddable":true,"href":"https:\/\/maxradio923.com.ar\/index.php\/wp-json\/wp\/v2\/categories?post=62074"},{"taxonomy":"post_tag","embeddable":true,"href":"https:\/\/maxradio923.com.ar\/index.php\/wp-json\/wp\/v2\/tags?post=62074"}],"curies":[{"name":"wp","href":"https:\/\/api.w.org\/{rel}","templated":true}]}}