{"id":62068,"date":"2025-11-28T02:38:05","date_gmt":"2025-11-28T05:38:05","guid":{"rendered":"https:\/\/maxradio923.com.ar\/index.php\/2025\/11\/28\/los-argentinos-copan-temuco-y-habra-dos-cruces-nacionales-en-busca-de-las-semis\/"},"modified":"2025-11-28T02:38:05","modified_gmt":"2025-11-28T05:38:05","slug":"los-argentinos-copan-temuco-y-habra-dos-cruces-nacionales-en-busca-de-las-semis","status":"publish","type":"post","link":"https:\/\/maxradio923.com.ar\/index.php\/2025\/11\/28\/los-argentinos-copan-temuco-y-habra-dos-cruces-nacionales-en-busca-de-las-semis\/","title":{"rendered":"Los argentinos copan Temuco y habr\u00e1 dos cruces nacionales en busca de las semis"},"content":{"rendered":"<p><\/p>\n<div>\n<div class=\"visual__image image-initial-width\"><picture><source srcset=\"https:\/\/www.infobae.com\/resizer\/v2\/DRKJTB2UJRHERMID5T3I4YLECE.jpeg?auth=40f7690e2ccf77e0a03c70950bffc749b4a802a13e419a45d61dfe1789bd80c0&amp;smart=true&amp;width=992&amp;height=558&amp;quality=85\" media=\"(min-width: 1000px)\"\/><source srcset=\"https:\/\/www.infobae.com\/resizer\/v2\/DRKJTB2UJRHERMID5T3I4YLECE.jpeg?auth=40f7690e2ccf77e0a03c70950bffc749b4a802a13e419a45d61dfe1789bd80c0&amp;smart=true&amp;width=768&amp;height=432&amp;quality=85\" media=\"(min-width: 768px)\"\/><source srcset=\"https:\/\/www.infobae.com\/resizer\/v2\/DRKJTB2UJRHERMID5T3I4YLECE.jpeg?auth=40f7690e2ccf77e0a03c70950bffc749b4a802a13e419a45d61dfe1789bd80c0&amp;smart=true&amp;width=577&amp;height=325&amp;quality=85\" media=\"(min-width: 580px)\"\/><source srcset=\"https:\/\/www.infobae.com\/resizer\/v2\/DRKJTB2UJRHERMID5T3I4YLECE.jpeg?auth=40f7690e2ccf77e0a03c70950bffc749b4a802a13e419a45d61dfe1789bd80c0&amp;smart=true&amp;width=420&amp;height=236&amp;quality=85\" media=\"(min-width: 350px)\"\/><source srcset=\"https:\/\/www.infobae.com\/resizer\/v2\/DRKJTB2UJRHERMID5T3I4YLECE.jpeg?auth=40f7690e2ccf77e0a03c70950bffc749b4a802a13e419a45d61dfe1789bd80c0&amp;smart=true&amp;width=350&amp;height=197&amp;quality=85\" media=\"(min-width: 80px)\"\/><img alt=\"Juan Manuel Cer\u00fandolo sigue adelante\" class=\"global-image\" decoding=\"async\" fetchpriority=\"high\" height=\"1080\" loading=\"eager\" src=\"https:\/\/www.infobae.com\/resizer\/v2\/DRKJTB2UJRHERMID5T3I4YLECE.jpeg?auth=40f7690e2ccf77e0a03c70950bffc749b4a802a13e419a45d61dfe1789bd80c0&amp;smart=true&amp;width=350&amp;height=197&amp;quality=85\" width=\"1920\"\/><\/picture><figcaption class=\"article-figcaption-img\">Juan Manuel Cer\u00fandolo sigue adelante en el certamen chileno<\/figcaption><\/div>\n<p class=\"paragraph\">Los tenistas argentinos pisan fuerte en el <b>Challenger de Temuco<\/b>, Chile. Este jueves, <b>Juan Manuel Cer\u00fandolo<\/b> se meti\u00f3 en los cuartos de final. Tambi\u00e9n avanzaron <b>Facundo D\u00edaz Acosta <\/b>y <b>Federico G\u00f3mez<\/b>. <\/p>\n<p class=\"paragraph\"><i>Juanma<\/i>, 85\u00b0 del ranking ATP y m\u00e1ximo favorito, sorte\u00f3 la fase al superar al alem\u00e1n <b>Christoph Negritu<\/b> (300\u00b0) por 6-3 y 6-4 en una hora y 17 minutos de juego.<\/p>\n<p class=\"paragraph\">Su pr\u00f3ximo desaf\u00edo ser\u00e1 este viernes, cuando enfrente al estadounidense <b>Olukayode Ayeni <\/b>(731) en busca de ingresar entre los cuatro mejores del torneo, que se juega <b>sobre cemento outdoor y reparte 160.000 d\u00f3lares en premios.<\/b><\/p>\n<p class=\"paragraph\"><b>Facundo D\u00edaz Acosta<\/b> (221 y cuarto preclasificado) tambi\u00e9n pas\u00f3 de ronda tras dejar en el camino al brasile\u00f1o<b> Eduardo Ribeiro<\/b> (485). Fue 7-6 (4) y 6-4 y el boleto a cuartos, donde enfrentar\u00e1 a <b>G\u00f3mez<\/b>, que en el \u00faltimo turno arroll\u00f3 al chileno <b>Daniel N\u00fa\u00f1ez<\/b> (825) por 6-1 y 6-4.<\/p>\n<p class=\"paragraph\">La mala noticia del d\u00eda fue la eliminaci\u00f3n de <b>Nicol\u00e1s Kicker<\/b>, que cay\u00f3 ante Ayeni por 6-4 y 6-3.<\/p>\n<div class=\"visual__image\"><picture><source srcset=\"https:\/\/www.infobae.com\/resizer\/v2\/2SPNTW33BRG2DCZVWDTOMRSWUE.jpg?auth=7ba6b75be6203f87dc8a0214e255dd4db51d869b1b88ba9a78806659cb91f6c9&amp;smart=true&amp;width=992&amp;height=558&amp;quality=85\" media=\"(min-width: 1000px)\"\/><source srcset=\"https:\/\/www.infobae.com\/resizer\/v2\/2SPNTW33BRG2DCZVWDTOMRSWUE.jpg?auth=7ba6b75be6203f87dc8a0214e255dd4db51d869b1b88ba9a78806659cb91f6c9&amp;smart=true&amp;width=768&amp;height=432&amp;quality=85\" media=\"(min-width: 768px)\"\/><source srcset=\"https:\/\/www.infobae.com\/resizer\/v2\/2SPNTW33BRG2DCZVWDTOMRSWUE.jpg?auth=7ba6b75be6203f87dc8a0214e255dd4db51d869b1b88ba9a78806659cb91f6c9&amp;smart=true&amp;width=577&amp;height=325&amp;quality=85\" media=\"(min-width: 580px)\"\/><source srcset=\"https:\/\/www.infobae.com\/resizer\/v2\/2SPNTW33BRG2DCZVWDTOMRSWUE.jpg?auth=7ba6b75be6203f87dc8a0214e255dd4db51d869b1b88ba9a78806659cb91f6c9&amp;smart=true&amp;width=420&amp;height=236&amp;quality=85\" media=\"(min-width: 350px)\"\/><source srcset=\"https:\/\/www.infobae.com\/resizer\/v2\/2SPNTW33BRG2DCZVWDTOMRSWUE.jpg?auth=7ba6b75be6203f87dc8a0214e255dd4db51d869b1b88ba9a78806659cb91f6c9&amp;smart=true&amp;width=350&amp;height=197&amp;quality=85\" media=\"(min-width: 80px)\"\/><img alt=\"Federico G\u00f3mez obtuvo el boleto\" class=\"global-image\" decoding=\"async\" fetchpriority=\"low\" height=\"720\" loading=\"lazy\" src=\"https:\/\/www.infobae.com\/resizer\/v2\/2SPNTW33BRG2DCZVWDTOMRSWUE.jpg?auth=7ba6b75be6203f87dc8a0214e255dd4db51d869b1b88ba9a78806659cb91f6c9&amp;smart=true&amp;width=350&amp;height=197&amp;quality=85\" width=\"1280\"\/><\/picture><figcaption class=\"article-figcaption-img\">Federico G\u00f3mez obtuvo el boleto a cuartos sin inconvenientes<\/figcaption><\/div>\n<p class=\"paragraph\">Con tres representantes nacionales todav\u00eda en carrera, la ilusi\u00f3n de ver a un argentino levantando el trofeo en Chile sigue intacta. <b>Cer\u00fandolo, D\u00edaz Acosta y G\u00f3mez<\/b> buscar\u00e1n seguir avanzando en el torneo y cerrar el 2025 con buenas sensaciones.<\/p>\n<p class=\"paragraph\">Adem\u00e1s del cruce entre D\u00edaz Acosta y G\u00f3mez, que jugar\u00e1n no antes de las 12.30 en la pista central del pintoresco <b>Estadio Germ\u00e1n Becker<\/b>, se enfrentar\u00e1n dos de las mayores esperanzas del tenis nacional: <b>Lautaro Mid\u00f3n<\/b> (266 y s\u00e9ptimo preclasificado) frente a <b>Juan Manuel La Serna<\/b> (457). El cruce est\u00e1 programado para alrededor de las 14.50, dependiendo de la duraci\u00f3n de los encuentros anteriores.<\/p>\n<ul data-icon=\"\u2b24\" class=\"list\">\n<li data-icon=\"\u2b24\"><span><b>Juan Manuel Cer\u00fandolo (ARG, 1\u00b0)<\/b>\u00a0a Cristoph Negritu (GER) por 6-3 y 6-4. <\/span><\/li>\n<li data-icon=\"\u2b24\"><span><b>Facundo D\u00edaz Acosta (ARG, 4\u00b0)<\/b>\u00a0vs. Eduardo Ribeiro (BRA) por 7-6 (4) y 6-4. <\/span><\/li>\n<li data-icon=\"\u2b24\"><span><b>Federico G\u00f3mez (ARG)<\/b>\u00a0vs. Daniel N\u00fa\u00f1ez (CHI) por 6-4 y 6-1.<\/span><\/li>\n<li data-icon=\"\u2b24\"><span> Olukayode Ayeni (USA) a <b>Nicol\u00e1s Kicker (ARG)<\/b>\u00a0por 6-4 y 6-3.<\/span><\/li>\n<\/ul>\n<div class=\"visual__image\"><picture><source srcset=\"https:\/\/www.infobae.com\/resizer\/v2\/WJGWARZ74ZHANION6LCNDGZ5M4.jpg?auth=680ca31e6dd3f927e9f2574c36aeacddf44649abf64d1d66d5fa816a573d579e&amp;smart=true&amp;width=992&amp;height=585&amp;quality=85\" media=\"(min-width: 1000px)\"\/><source srcset=\"https:\/\/www.infobae.com\/resizer\/v2\/WJGWARZ74ZHANION6LCNDGZ5M4.jpg?auth=680ca31e6dd3f927e9f2574c36aeacddf44649abf64d1d66d5fa816a573d579e&amp;smart=true&amp;width=768&amp;height=453&amp;quality=85\" media=\"(min-width: 768px)\"\/><source srcset=\"https:\/\/www.infobae.com\/resizer\/v2\/WJGWARZ74ZHANION6LCNDGZ5M4.jpg?auth=680ca31e6dd3f927e9f2574c36aeacddf44649abf64d1d66d5fa816a573d579e&amp;smart=true&amp;width=577&amp;height=340&amp;quality=85\" media=\"(min-width: 580px)\"\/><source srcset=\"https:\/\/www.infobae.com\/resizer\/v2\/WJGWARZ74ZHANION6LCNDGZ5M4.jpg?auth=680ca31e6dd3f927e9f2574c36aeacddf44649abf64d1d66d5fa816a573d579e&amp;smart=true&amp;width=420&amp;height=248&amp;quality=85\" media=\"(min-width: 350px)\"\/><source srcset=\"https:\/\/www.infobae.com\/resizer\/v2\/WJGWARZ74ZHANION6LCNDGZ5M4.jpg?auth=680ca31e6dd3f927e9f2574c36aeacddf44649abf64d1d66d5fa816a573d579e&amp;smart=true&amp;width=350&amp;height=206&amp;quality=85\" media=\"(min-width: 80px)\"\/><img alt=\"Juan Manuel La Serna se\" class=\"global-image\" decoding=\"async\" fetchpriority=\"low\" height=\"2349\" loading=\"lazy\" src=\"https:\/\/www.infobae.com\/resizer\/v2\/WJGWARZ74ZHANION6LCNDGZ5M4.jpg?auth=680ca31e6dd3f927e9f2574c36aeacddf44649abf64d1d66d5fa816a573d579e&amp;smart=true&amp;width=350&amp;height=206&amp;quality=85\" width=\"3984\"\/><\/picture><figcaption class=\"article-figcaption-img\">Juan Manuel La Serna se cruzar\u00e1 con Lautaro Mid\u00f3n este viernes (Foto: Challenger de Temuco)<\/figcaption><\/div>\n<p class=\"paragraph\">Este jueves, en el <b>Challenger de Bogot\u00e1<\/b>, <b>Santiago Rodr\u00edguez Taverna <\/b>(233 del ranking y quinto preclasificado) qued\u00f3 eliminado ante el peruano <b>Juan Pablo Varillas <\/b>(270), que lo super\u00f3 por 6-4 y 7-6 (3) en uno de los duelos por los octavos de final.<\/p>\n<p class=\"paragraph\">La jornada del viernes en el club Los Lagartos,<b> en canchas de polvo de ladrillo y con 100 mil d\u00f3lares en premios<\/b>, tendr\u00e1 la presentaci\u00f3n de otros dos tenistas nacionales.<\/p>\n<p class=\"paragraph\">No antes de las 14:10, por un pasaje a semis, <b>Juan Pablo Ficovich <\/b>(169) se cruzar\u00e1 con el experimentado colombiano <b>Nicol\u00e1s Barrientos <\/b>(1649), de 38 a\u00f1os. <\/p>\n<p class=\"paragraph\">Para las 19, en tanto, est\u00e1 programado el enfrentamiento entre <b>Facundo Mena <\/b>(369) y el boliviano <b>Murkel Dellien<\/b>, 262\u00b0 del escalaf\u00f3n mundial y sexto preclasificado del certamen.<\/p>\n<\/div>\n<p><script defer=\"\">try{!function(f,b,e,v,n,t,s) {if(f.fbq)return;n=f.fbq=function(){n.callMethod? n.callMethod.apply(n,arguments):n.queue.push(arguments)}; if(!f._fbq)f._fbq=n;n.push=n;n.loaded=!0;n.version='2.0'; n.queue=[];t=b.createElement(e);t.async=!0; t.src=v;s=b.getElementsByTagName(e)[0]; s.parentNode.insertBefore(t,s)}(window, document,'script', ' fbq('init', '336383993555320'); fbq('track', 'PageView'); fbq('track', 'ViewContent');}catch(error){console.log(\"Error al inicializar facebookPixelRawCodeScript:\",error);}<\/script><\/p>\n","protected":false},"excerpt":{"rendered":"<p>Juan Manuel Cer\u00fandolo sigue adelante en el certamen chileno Los tenistas argentinos pisan fuerte en el Challenger de Temuco, Chile. Este jueves, Juan Manuel Cer\u00fandolo se meti\u00f3 en los cuartos de final. Tambi\u00e9n avanzaron Facundo D\u00edaz Acosta y Federico G\u00f3mez. Juanma, 85\u00b0 del ranking ATP y m\u00e1ximo favorito, sorte\u00f3 la fase al superar al alem\u00e1n [&hellip;]<\/p>\n","protected":false},"author":2,"featured_media":62069,"comment_status":"","ping_status":"","sticky":false,"template":"","format":"standard","meta":{"footnotes":""},"categories":[2],"tags":[],"_links":{"self":[{"href":"https:\/\/maxradio923.com.ar\/index.php\/wp-json\/wp\/v2\/posts\/62068"}],"collection":[{"href":"https:\/\/maxradio923.com.ar\/index.php\/wp-json\/wp\/v2\/posts"}],"about":[{"href":"https:\/\/maxradio923.com.ar\/index.php\/wp-json\/wp\/v2\/types\/post"}],"author":[{"embeddable":true,"href":"https:\/\/maxradio923.com.ar\/index.php\/wp-json\/wp\/v2\/users\/2"}],"replies":[{"embeddable":true,"href":"https:\/\/maxradio923.com.ar\/index.php\/wp-json\/wp\/v2\/comments?post=62068"}],"version-history":[{"count":0,"href":"https:\/\/maxradio923.com.ar\/index.php\/wp-json\/wp\/v2\/posts\/62068\/revisions"}],"wp:featuredmedia":[{"embeddable":true,"href":"https:\/\/maxradio923.com.ar\/index.php\/wp-json\/wp\/v2\/media\/62069"}],"wp:attachment":[{"href":"https:\/\/maxradio923.com.ar\/index.php\/wp-json\/wp\/v2\/media?parent=62068"}],"wp:term":[{"taxonomy":"category","embeddable":true,"href":"https:\/\/maxradio923.com.ar\/index.php\/wp-json\/wp\/v2\/categories?post=62068"},{"taxonomy":"post_tag","embeddable":true,"href":"https:\/\/maxradio923.com.ar\/index.php\/wp-json\/wp\/v2\/tags?post=62068"}],"curies":[{"name":"wp","href":"https:\/\/api.w.org\/{rel}","templated":true}]}}