{"id":6127,"date":"2023-10-05T12:04:48","date_gmt":"2023-10-05T15:04:48","guid":{"rendered":"https:\/\/maxradio923.com\/index.php\/2023\/10\/05\/miguel-angel-pichetto-juntos-por-el-cambio-tiene-poderio-parlamentario-algo-que-no-tiene-milei\/"},"modified":"2023-10-05T18:24:09","modified_gmt":"2023-10-05T21:24:09","slug":"miguel-angel-pichetto-juntos-por-el-cambio-tiene-poderio-parlamentario-algo-que-no-tiene-milei","status":"publish","type":"post","link":"https:\/\/maxradio923.com.ar\/index.php\/2023\/10\/05\/miguel-angel-pichetto-juntos-por-el-cambio-tiene-poderio-parlamentario-algo-que-no-tiene-milei\/","title":{"rendered":"Miguel \u00c1ngel Pichetto: \u201cJuntos por el Cambio tiene poder\u00edo parlamentario, algo que no tiene Milei\u201d"},"content":{"rendered":"<p><img decoding=\"async\" src=\"https:\/\/diariod3.com\/inicio\/wp-content\/uploads\/2023\/10\/PTYHB36U7BHDFPIC5OKZZAWGFQ.jpg\"\/><\/p>\n<h2>El auditor general de la Naci\u00f3n, Miguel \u00c1ngel Pichetto, apunt\u00f3 este jueves contra el candidato de La Libertad Avanza, Javier Milei, por su plataforma como fuerza pol\u00edtica.<\/h2>\n<p><img decoding=\"async\" src=\"https:\/\/www.infobae.com\/new-resizer\/JSR6vjXcJX5cUwJXFdQrEvKRuKg=\/arc-anglerfish-arc2-prod-infobae\/public\/PTYHB36U7BHDFPIC5OKZZAWGFQ.jpg\" alt=\"Miguel \u00c1ngel Pichetto (Franco Fafasuli)\"\/>Miguel \u00c1ngel Pichetto (Franco Fafasuli)<\/p>\n<p>\u201cJuntos por el Cambio tiene poder\u00edo parlamentario, algo que no tiene Milei\u201d, asegur\u00f3 el dirigente peronista de Juntos por el Cambio en di\u00e1logo con FM La Patriada.<\/p>\n<p>Sobre esto, agreg\u00f3: \u201cLas dos coaliciones, tanto la de gobierno como la nuestra, que es la verdadera coalici\u00f3n opositora, tiene estructura, gobernadores, intendentes, un desarrollo territorial muy importante que va a hacer la diferencia en esta elecci\u00f3n\u201d.<\/p>\n<p>Asimismo, Pichetto hizo referencia a la importancia del debate presidencial que se desarrollar\u00e1 el pr\u00f3ximo domingo. \u201cEl debate del domingo va a ser muy importante, faltan temas muy centrales de la vida argentina. El del primero fue un debate de diagn\u00f3stico, el domingo van a estar los grandes temas que puede definir a mucha gente al voto\u201d, dijo.<\/p>\n<p>\u201cEstamos haciendo un gran esfuerzo en la campa\u00f1a. Bullrich recorre el pa\u00eds con mucha presencia. Le va muy bien\u201d, concluy\u00f3.<\/p>\n<p>La entrada <a href=\"https:\/\/diariod3.com\/inicio\/miguel-angel-pichetto-juntos-por-el-cambio-tiene-poderio-parlamentario-algo-que-no-tiene-milei\/\" rel=\"noreferrer noopener\" target=\"_blank\">Miguel \u00c1ngel Pichetto: \u201cJuntos por el Cambio tiene poder\u00edo parlamentario, algo que no tiene Milei\u201d<\/a> se public\u00f3 primero en <a href=\"https:\/\/diariod3.com\/inicio\" rel=\"noreferrer noopener\" target=\"_blank\">DIARIO D3 NOTICIAS<\/a>.<\/p>\n","protected":false},"excerpt":{"rendered":"<p>El auditor general de la Naci\u00f3n, Miguel \u00c1ngel Pichetto, apunt\u00f3 este jueves contra el candidato de La Libertad Avanza, Javier Milei, por su plataforma como fuerza pol\u00edtica. Miguel \u00c1ngel Pichetto (Franco Fafasuli) \u201cJuntos por el Cambio tiene poder\u00edo parlamentario, algo que no tiene Milei\u201d, asegur\u00f3 el dirigente peronista de Juntos por el Cambio en di\u00e1logo [&hellip;]<\/p>\n","protected":false},"author":2,"featured_media":6165,"comment_status":"closed","ping_status":"","sticky":false,"template":"","format":"standard","meta":{"footnotes":""},"categories":[12],"tags":[],"_links":{"self":[{"href":"https:\/\/maxradio923.com.ar\/index.php\/wp-json\/wp\/v2\/posts\/6127"}],"collection":[{"href":"https:\/\/maxradio923.com.ar\/index.php\/wp-json\/wp\/v2\/posts"}],"about":[{"href":"https:\/\/maxradio923.com.ar\/index.php\/wp-json\/wp\/v2\/types\/post"}],"author":[{"embeddable":true,"href":"https:\/\/maxradio923.com.ar\/index.php\/wp-json\/wp\/v2\/users\/2"}],"replies":[{"embeddable":true,"href":"https:\/\/maxradio923.com.ar\/index.php\/wp-json\/wp\/v2\/comments?post=6127"}],"version-history":[{"count":1,"href":"https:\/\/maxradio923.com.ar\/index.php\/wp-json\/wp\/v2\/posts\/6127\/revisions"}],"predecessor-version":[{"id":6144,"href":"https:\/\/maxradio923.com.ar\/index.php\/wp-json\/wp\/v2\/posts\/6127\/revisions\/6144"}],"wp:featuredmedia":[{"embeddable":true,"href":"https:\/\/maxradio923.com.ar\/index.php\/wp-json\/wp\/v2\/media\/6165"}],"wp:attachment":[{"href":"https:\/\/maxradio923.com.ar\/index.php\/wp-json\/wp\/v2\/media?parent=6127"}],"wp:term":[{"taxonomy":"category","embeddable":true,"href":"https:\/\/maxradio923.com.ar\/index.php\/wp-json\/wp\/v2\/categories?post=6127"},{"taxonomy":"post_tag","embeddable":true,"href":"https:\/\/maxradio923.com.ar\/index.php\/wp-json\/wp\/v2\/tags?post=6127"}],"curies":[{"name":"wp","href":"https:\/\/api.w.org\/{rel}","templated":true}]}}