{"id":6050,"date":"2023-10-04T23:34:41","date_gmt":"2023-10-05T02:34:41","guid":{"rendered":"https:\/\/maxradio923.com\/index.php\/2023\/10\/04\/diputados-debatieron-reduccion-de-la-jornada-laboral-no-nos-neguemos-a-discutir-el-futuro\/"},"modified":"2023-10-05T10:04:39","modified_gmt":"2023-10-05T13:04:39","slug":"diputados-debatieron-reduccion-de-la-jornada-laboral-no-nos-neguemos-a-discutir-el-futuro","status":"publish","type":"post","link":"https:\/\/maxradio923.com.ar\/index.php\/2023\/10\/04\/diputados-debatieron-reduccion-de-la-jornada-laboral-no-nos-neguemos-a-discutir-el-futuro\/","title":{"rendered":"Diputados debatieron reducci\u00f3n de la jornada laboral: \u00abNo nos neguemos a discutir el futuro\u00bb"},"content":{"rendered":"<p><img decoding=\"async\" src=\"https:\/\/diariod3.com\/inicio\/wp-content\/uploads\/2023\/10\/hector-daer-diputados.jpg\"\/><\/p>\n<h2>Diputados avanzan para un dictamen de una reforma laboral que reduzca las horas de trabajo. Adem\u00e1s, se debati\u00f3 la Ley de Financiamiento Educativo.<\/h2>\n<figure><img decoding=\"async\" src=\"https:\/\/media.ambito.com\/p\/27eff69232f7c56ab1d902640493be67\/adjuntos\/239\/imagenes\/041\/023\/0041023966\/hector-daer-diputados.jpeg\" alt=\"La Comisi\u00f3n de Legislaci\u00f3n de Trabajo debati\u00f3 el proyecto de reducci\u00f3n de la jornada laboral.\"\/><figcaption>\n<p>La Comisi\u00f3n de Legislaci\u00f3n de Trabajo debati\u00f3 el proyecto de reducci\u00f3n de la jornada laboral.<\/p>\n<p>Foto: C\u00e1mara de Diputados.<\/p>\n<\/figcaption><\/figure>\n<p>En medio de una intensa jornada de debate en las comisiones de <strong>Diputados<\/strong>, se habilit\u00f3 un nuevo espacio de discusi\u00f3n en la <strong>Comisi\u00f3n de Legislaci\u00f3n de Trabajo<\/strong> para establecer los lineamientos de una <strong>reforma laboral<\/strong> que permita reducir la extensi\u00f3n de la carga horaria de los empleados. Por otro lado, la <strong>Comisi\u00f3n de Educaci\u00f3n<\/strong> avanz\u00f3 en el proyecto de ley de <strong>Financiamiento Educativo<\/strong>.<\/p>\n<p>Este mi\u00e9rcoles fueron convocados ministros, dirigentes empresariales y l\u00edderes sindicales para buscar puntos de consenso entre los <strong>siete proyectos <\/strong>que buscan modificar la <strong>Ley 11.544 de Jornada de Trabajo<\/strong>, que lleva 94 a\u00f1os de vigencia. Una vez que se pueda determinar un proyecto en conjunto, podr\u00eda emitirse un dictamen para votarse en el recinto. Entre los disertantes, las c\u00e1maras empresarias expresaron la principal resistencia, mientras que los funcionarios del oficialismo y los representantes sindicales se mostraron a favor.<\/p>\n<h2>Reducci\u00f3n de la jornada laboral: qu\u00e9 dijeron en el debate<\/h2>\n<p>Entre los especialistas convocados, estuvieron presentes representantes de sectores empresariales, como <strong>Ricardo Diab <\/strong>(CAME), <strong>Daniel Argentino <\/strong>(UIPBA), <strong>Oscar Garc\u00eda D\u00edaz <\/strong>y <strong>Oscar Urribaren <\/strong>(de la UIA bonaerense y cordobesa, respectivamente). Junto a ellos, se convoc\u00f3 a tres abogados especialistas: <strong>H\u00e9ctor Recalde<\/strong>, <strong>Omar Yas\u00edn <\/strong>y <strong>Osvaldo Manzanares<\/strong>.<\/p>\n<p>Tambi\u00e9n se cit\u00f3 a dirigentes gremiales como <strong>H\u00e9ctor Daer <\/strong>(CGT), <strong>Mario Manrique <\/strong>(SMATA), <strong>Sergio Palazzo <\/strong>(La Bancaria) y <strong>Hugo Yasky <\/strong>(CTA). Finalmente, estuvieron dos ministros bonaerenses: <strong>Walter Correa <\/strong>(Trabajo) y <strong>Estela D\u00edaz <\/strong>(Mujeres y Diversidad).<\/p>\n<p>El abogado laboralista de la <strong>Uni\u00f3n Industrial Argentina<\/strong>, <strong>Juan Jos\u00e9 Etala<\/strong>, consider\u00f3 que \u00ab<strong>no parece adecuado el momento<\/strong> en que se ha decidi\u00f3 avanzar en este complejo tema, no parece que en este escenario se pueda hablar de <strong>reducci\u00f3n de jornada laboral<\/strong>, ya que s\u00f3lo aumenta la presi\u00f3n sobre el<strong> sector formal<\/strong> y no sobre los trabajadores no registrados, que es donde se debe apuntar\u00bb.<\/p>\n<p>En contrapartida, <strong>Omar Yasin <\/strong>entendi\u00f3 que \u00ablos fundamentos de la medida se basan en mejorar la calidad de vida, la baja de la siniestralidad, la <strong>disminuci\u00f3n del ausentismo<\/strong> y la<strong> suba de productividad<\/strong>, aunque esta \u00faltima no es absolutamente autom\u00e1tica\u201d. Su colega <strong>H\u00e9ctor Recalde <\/strong>coincidi\u00f3: \u00abMe parece que a esta altura de la evoluci\u00f3n de la sociedad reducir a siete horas la <strong>jornada laboral<\/strong> no es ning\u00fan acto revolucionario\u201d.<\/p>\n<p>Por su parte, la ministra <strong>Estela D\u00edaz<\/strong> plante\u00f3 su perspectiva: \u00abCuando pensamos en el trabajo de cuidados, la <strong>reducci\u00f3n de la jornada labora <\/strong>es un factor que va a contribuir en el camino, como otras medidas, en la reducci\u00f3n de las <strong>brechas de g\u00e9nero<\/strong> en el mundo laboral\u00bb. Adem\u00e1s pidi\u00f3 \u00abpensar la jornada laboral en torno a la relaci\u00f3n entre el <strong>trabajo productivo remunerado <\/strong>y el trabajo reproductivo y de cuidados\u00bb.<\/p>\n<p>Desde el sector sindical, <strong>H\u00e9ctor Daer <\/strong>pidi\u00f3 \u00abdebatir no solo la reducci\u00f3n sino la distribuci\u00f3n de la jornada, y la adecuaci\u00f3n tiene que ir por la v\u00eda de los convenios colectivos, estableciendo una jornada m\u00ednima, plazos para articularla, y adem\u00e1s profundizar el debate\u201d. <strong>Mario Manrique <\/strong>agreg\u00f3: \u201cNo podemos decir \u2018no es el momento\u2019, si estuvi\u00e9ramos hoy ac\u00e1 discutiendo el cercenamiento de alg\u00fan derecho laboral estar\u00edamos al rev\u00e9s, <strong>no nos neguemos discutir el futuro<\/strong>\u201d.<\/p>\n<p><img decoding=\"async\" title=\"Mario Manrique, titular de SMATA, en el debate en Diputados.\" src=\"https:\/\/media.ambito.com\/p\/7d46ac2c41b6e6e3d552760d99ec5282\/adjuntos\/239\/imagenes\/041\/023\/0041023990\/mario-paco-manrique-smata-diputados.jpeg?2023-10-04-19-55-59\" alt=\"Mario Manrique, titular de SMATA, en el debate en Diputados.\"\/><\/p>\n<p>Mario Manrique, titular de SMATA, en el debate en Diputados.<\/p>\n<p>Foto: C\u00e1mara de Diputados.<\/p>\n<h2>Reducci\u00f3n de la jornada laboral: qu\u00e9 dicen los proyectos<\/h2>\n<p>Existen siete proyectos de ley para la <strong>reducci\u00f3n de la jornada laboral<\/strong>, de los cu\u00e1les se buscar\u00e1 avanzar en acuerdos para establecer un dictamen de consenso que recupere posicionamientos de cada propuesta. Asimismo, no se descarta que la iniciativa sea parte de una m\u00e1s amplia de<strong> reforma laboral integral<\/strong>.<\/p>\n<p>Uno de los proyectos impulsados por el <strong>oficialismo<\/strong> es el del l\u00edder de la CTA, <strong>Hugo Yasky<\/strong>, que propone una <strong>semana laboral de cuatro d\u00edas<\/strong>, que, adem\u00e1s, no podr\u00e1 exceder las <strong>ocho horas diarias<\/strong> o<strong> cuarenta horas semanales<\/strong>.<\/p>\n<p>Otro de las modificaciones es impulsada por la dirigente de la <strong>Asociaci\u00f3n Bancaria<\/strong>, <strong>Claudia Ormaechea<\/strong>, que propone un d\u00eda laboral de un <strong>m\u00e1ximo de seis horas diarias<\/strong>, y un tope de<strong> 36 horas semanales<\/strong>, con la posibilidad de que la <strong>jornada<\/strong> sea de 7 horas siempre y cuando la misma sea de lunes a viernes.<\/p>\n<p>Por otro lado, el tercer proyecto que prev\u00e9 la reducci\u00f3n de la jornada proviene del mismo sector: el secretario General de La Bancaria, <strong>Sergio Palazzo<\/strong>, que plantea una duraci\u00f3n de la jornada que <strong>no podr\u00e1 exceder las seis horas diarias o las 36 semanales<\/strong>, con la posibilidad de distribuirse en seis d\u00edas. El proyecto coincide con otro propuesto por la diputada oficialista <strong>M\u00f3nica Litza<\/strong>.<\/p>\n<p><strong>Eduardo Vald\u00e9s<\/strong> propone una nueva alternativa dentro de <strong>Uni\u00f3n por la Patria<\/strong>: que la <strong>jornada<\/strong> sea de un m\u00e1ximo <strong>36 horas semanales<\/strong>, que se podr\u00e1n distribuir en seis o cuatro d\u00edas, en ese \u00faltimo caso si se trabaja en jornadas de <strong>7 horas y media<\/strong>.<\/p>\n<p>La izquierda tambi\u00e9n se meti\u00f3 en la discusi\u00f3n a partir de una presentaci\u00f3n del diputado <strong>Nicol\u00e1s del Ca\u00f1o<\/strong>, del<strong> Frente de Izquierda<\/strong>. Su proyecto pone topes de 6 horas diarias o 30 semanales, por lo que la distribuci\u00f3n establecida ser\u00eda de 6 horas diarias en cinco d\u00edas.<\/p>\n<p>Por su parte, <strong>Enrique Est\u00e9vez<\/strong>, del <strong>Partido Socialista<\/strong>, pide un m\u00e1ximo de <strong>36 horas semanales <\/strong>con 8 horas diarias de trabajo m\u00e1ximas, permitiendo las distintas distribuciones horarias en la jornada: <strong>6 horas en 6 d\u00edas<\/strong>, <strong>7 horas en 5 d\u00edas<\/strong> o <strong>8 horas en 4 d\u00edas<\/strong>.<\/p>\n<h2>Ley de Financiamiento Educativo en Argentina<\/h2>\n<p>El proyecto de ley enviado por <strong>Sergio Massa<\/strong> propone un aumento de la inversi\u00f3n anual durante un plazo de siete a\u00f1os para pasar de un piso del 6% al <strong>8% del PBI<\/strong>, de las cuales 1,5% ir\u00e1n a <strong>universidades <\/strong>y el restante para instancias educativas desde los 45 d\u00edas de vida hasta la finalizaci\u00f3n de la<strong> escolaridad secundaria<\/strong>, abarcando incluso los <strong>Institutos de Educaci\u00f3n Superior <\/strong>y de formaci\u00f3n docente.<\/p>\n<p>Adem\u00e1s se propone la obligatoriedad de la sala de 4 a\u00f1os en el<strong> Nivel Inicial<\/strong>, incluir el uso de<strong> tecnolog\u00edas de la informaci\u00f3n<\/strong> y de un<strong> segundo idioma<\/strong>, adem\u00e1s la <strong>ampliaci\u00f3n de la conectividad<\/strong> en todas las escuelas con la distribuci\u00f3n de dispositivos inform\u00e1ticos y de libros.<\/p>\n<p>La Comisi\u00f3n de Educaci\u00f3n, presidida por <strong>Blanca Osuna<\/strong>, convoc\u00f3 a ministros de educaci\u00f3n provinciales (como el tucumano <strong>Juan Pablo Lichtmajer <\/strong>o la fueguina <strong>Anal\u00eda Cubino<\/strong>), a representantes de instituciones educativas de nivel <strong>Secundario <\/strong>y a rectores universitarios: <strong>Carlos Greco <\/strong>(UNSAM), <strong>Rub\u00e9n Soro <\/strong>(UTN), <strong>Alicia Bohren <\/strong>(UNaM).<\/p>\n<p>La entrada <a href=\"https:\/\/diariod3.com\/inicio\/diputados-debatieron-reduccion-de-la-jornada-laboral-no-nos-neguemos-a-discutir-el-futuro\/\" rel=\"noreferrer noopener\" target=\"_blank\">Diputados debatieron reducci\u00f3n de la jornada laboral: \u00abNo nos neguemos a discutir el futuro\u00bb<\/a> se public\u00f3 primero en <a href=\"https:\/\/diariod3.com\/inicio\" rel=\"noreferrer noopener\" target=\"_blank\">DIARIO D3 NOTICIAS<\/a>.<\/p>\n","protected":false},"excerpt":{"rendered":"<p>Diputados avanzan para un dictamen de una reforma laboral que reduzca las horas de trabajo. Adem\u00e1s, se debati\u00f3 la Ley de Financiamiento Educativo. La Comisi\u00f3n de Legislaci\u00f3n de Trabajo debati\u00f3 el proyecto de reducci\u00f3n de la jornada laboral. Foto: C\u00e1mara de Diputados. En medio de una intensa jornada de debate en las comisiones de Diputados, [&hellip;]<\/p>\n","protected":false},"author":2,"featured_media":6096,"comment_status":"closed","ping_status":"","sticky":false,"template":"","format":"standard","meta":{"footnotes":""},"categories":[12],"tags":[],"_links":{"self":[{"href":"https:\/\/maxradio923.com.ar\/index.php\/wp-json\/wp\/v2\/posts\/6050"}],"collection":[{"href":"https:\/\/maxradio923.com.ar\/index.php\/wp-json\/wp\/v2\/posts"}],"about":[{"href":"https:\/\/maxradio923.com.ar\/index.php\/wp-json\/wp\/v2\/types\/post"}],"author":[{"embeddable":true,"href":"https:\/\/maxradio923.com.ar\/index.php\/wp-json\/wp\/v2\/users\/2"}],"replies":[{"embeddable":true,"href":"https:\/\/maxradio923.com.ar\/index.php\/wp-json\/wp\/v2\/comments?post=6050"}],"version-history":[{"count":1,"href":"https:\/\/maxradio923.com.ar\/index.php\/wp-json\/wp\/v2\/posts\/6050\/revisions"}],"predecessor-version":[{"id":6061,"href":"https:\/\/maxradio923.com.ar\/index.php\/wp-json\/wp\/v2\/posts\/6050\/revisions\/6061"}],"wp:featuredmedia":[{"embeddable":true,"href":"https:\/\/maxradio923.com.ar\/index.php\/wp-json\/wp\/v2\/media\/6096"}],"wp:attachment":[{"href":"https:\/\/maxradio923.com.ar\/index.php\/wp-json\/wp\/v2\/media?parent=6050"}],"wp:term":[{"taxonomy":"category","embeddable":true,"href":"https:\/\/maxradio923.com.ar\/index.php\/wp-json\/wp\/v2\/categories?post=6050"},{"taxonomy":"post_tag","embeddable":true,"href":"https:\/\/maxradio923.com.ar\/index.php\/wp-json\/wp\/v2\/tags?post=6050"}],"curies":[{"name":"wp","href":"https:\/\/api.w.org\/{rel}","templated":true}]}}