{"id":6038,"date":"2023-10-04T22:34:12","date_gmt":"2023-10-05T01:34:12","guid":{"rendered":"https:\/\/maxradio923.com\/index.php\/2023\/10\/04\/jose-ignacio-lopez-se-le-animo-a-videla-fue-el-vocero-de-alfonsin-y-protagoniza-un-documental-que-invita-a-hacer-historia\/"},"modified":"2023-10-05T02:44:06","modified_gmt":"2023-10-05T05:44:06","slug":"jose-ignacio-lopez-se-le-animo-a-videla-fue-el-vocero-de-alfonsin-y-protagoniza-un-documental-que-invita-a-hacer-historia","status":"publish","type":"post","link":"https:\/\/maxradio923.com.ar\/index.php\/2023\/10\/04\/jose-ignacio-lopez-se-le-animo-a-videla-fue-el-vocero-de-alfonsin-y-protagoniza-un-documental-que-invita-a-hacer-historia\/","title":{"rendered":"Jos\u00e9 Ignacio L\u00f3pez: se le anim\u00f3 a Videla, fue el vocero de Alfons\u00edn y protagoniza un documental que invita a hacer historia"},"content":{"rendered":"<ul>\n<li>&quot;Memoria para construir&quot; se estrena este s\u00e1bado, en un canal de Flow.<\/li>\n<li>C\u00f3mo es la serie de cuatro episodios en la que el periodista de 86 a\u00f1os habla con figuras de diferentes \u00e1mbitos.<\/li>\n<\/ul>\n","protected":false},"excerpt":{"rendered":"<p>&quot;Memoria para construir&quot; se estrena este s\u00e1bado, en un canal de Flow. C\u00f3mo es la serie de cuatro episodios en la que el periodista de 86 a\u00f1os habla con figuras de diferentes \u00e1mbitos.<\/p>\n","protected":false},"author":2,"featured_media":6069,"comment_status":"closed","ping_status":"","sticky":false,"template":"","format":"standard","meta":{"footnotes":""},"categories":[4],"tags":[],"_links":{"self":[{"href":"https:\/\/maxradio923.com.ar\/index.php\/wp-json\/wp\/v2\/posts\/6038"}],"collection":[{"href":"https:\/\/maxradio923.com.ar\/index.php\/wp-json\/wp\/v2\/posts"}],"about":[{"href":"https:\/\/maxradio923.com.ar\/index.php\/wp-json\/wp\/v2\/types\/post"}],"author":[{"embeddable":true,"href":"https:\/\/maxradio923.com.ar\/index.php\/wp-json\/wp\/v2\/users\/2"}],"replies":[{"embeddable":true,"href":"https:\/\/maxradio923.com.ar\/index.php\/wp-json\/wp\/v2\/comments?post=6038"}],"version-history":[{"count":1,"href":"https:\/\/maxradio923.com.ar\/index.php\/wp-json\/wp\/v2\/posts\/6038\/revisions"}],"predecessor-version":[{"id":6068,"href":"https:\/\/maxradio923.com.ar\/index.php\/wp-json\/wp\/v2\/posts\/6038\/revisions\/6068"}],"wp:featuredmedia":[{"embeddable":true,"href":"https:\/\/maxradio923.com.ar\/index.php\/wp-json\/wp\/v2\/media\/6069"}],"wp:attachment":[{"href":"https:\/\/maxradio923.com.ar\/index.php\/wp-json\/wp\/v2\/media?parent=6038"}],"wp:term":[{"taxonomy":"category","embeddable":true,"href":"https:\/\/maxradio923.com.ar\/index.php\/wp-json\/wp\/v2\/categories?post=6038"},{"taxonomy":"post_tag","embeddable":true,"href":"https:\/\/maxradio923.com.ar\/index.php\/wp-json\/wp\/v2\/tags?post=6038"}],"curies":[{"name":"wp","href":"https:\/\/api.w.org\/{rel}","templated":true}]}}