{"id":601,"date":"2023-08-28T07:35:47","date_gmt":"2023-08-28T05:35:47","guid":{"rendered":"https:\/\/maxradio923.com\/index.php\/2023\/08\/28\/feria-de-artesanias-en-san-juan-mas-espacio-y-novedades-para-la-28a-edicion\/"},"modified":"2023-08-28T07:35:47","modified_gmt":"2023-08-28T05:35:47","slug":"feria-de-artesanias-en-san-juan-mas-espacio-y-novedades-para-la-28a-edicion","status":"publish","type":"post","link":"https:\/\/maxradio923.com.ar\/index.php\/2023\/08\/28\/feria-de-artesanias-en-san-juan-mas-espacio-y-novedades-para-la-28a-edicion\/","title":{"rendered":"Feria de Artesan\u00edas en San Juan: M\u00e1s Espacio y Novedades para la 28\u00aa Edici\u00f3n"},"content":{"rendered":"<p><img decoding=\"async\" src=\"https:\/\/diariod3.com\/inicio\/wp-content\/uploads\/2023\/08\/artesania.jpg\"\/><\/p>\n<p>La Feria Internacional de Artesan\u00edas, uno de los eventos m\u00e1s esperados en la agenda cultural de San Juan, est\u00e1 a punto de dar inicio a su 28\u00aa edici\u00f3n el pr\u00f3ximo 31 de agosto. Despu\u00e9s de un aplazamiento en mayo, este ic\u00f3nico encuentro se llevar\u00e1 a cabo en el Costanera Predio Ferial de Chimbas hasta el 10 de septiembre. La feria promete una experiencia renovada este a\u00f1o, con m\u00e1s espacio para recorrer y disfrutar de las creaciones artesanales.<\/p>\n<p>Sergio Gil, uno de los organizadores del evento, revel\u00f3  que la feria contar\u00e1 con la participaci\u00f3n de m\u00e1s de 300 expositores provenientes de diversas regiones de Argentina, como Buenos Aires, C\u00f3rdoba, Santiago del Estero, Salta, Neuqu\u00e9n, Jujuy, Entre R\u00edos y La Pampa. Adem\u00e1s, el evento contar\u00e1 con la presencia de artesanos de pa\u00edses lim\u00edtrofes, enriqueciendo la diversidad de la muestra.<\/p>\n<p>La edici\u00f3n de este a\u00f1o tambi\u00e9n incorporar\u00e1 cerca de 60 nuevos artesanos especialistas en cuero, cer\u00e1mica y otras disciplinas, provenientes de diferentes provincias. Los municipios y el Ministerio de Turismo tambi\u00e9n tendr\u00e1n su espacio para exhibir sus contribuciones al arte y la artesan\u00eda.<\/p>\n<p>Una de las novedades destacadas es la distribuci\u00f3n renovada de los artesanos y dise\u00f1adores en cinco carpas distintas. Con el objetivo de proporcionar un recorrido m\u00e1s c\u00f3modo y fluido para los visitantes, se han ensanchado los pasillos y optimizado la disposici\u00f3n de los stands.<\/p>\n<p>Los visitantes m\u00e1s j\u00f3venes tambi\u00e9n ser\u00e1n bienvenidos, ya que se ha creado un \u00e1rea de juegos especialmente pensada para ellos, que incluir\u00e1 cl\u00e1sicos castillos inflables. Este espacio estar\u00e1 ubicado cerca de la entrada de la feria, en el costado derecho, y tendr\u00e1 un costo de acceso simb\u00f3lico.<\/p>\n<p>El acceso general a la feria tendr\u00e1 un valor de $500, siendo los menores de 10 a\u00f1os exentos de pago. Los jubilados podr\u00e1n disfrutar de una tarifa reducida de $300 los d\u00edas viernes, s\u00e1bados y domingos, mientras que de lunes a jueves la entrada ser\u00e1 gratuita. El horario de la feria ser\u00e1 de 16:00 a 22:00, con una extensi\u00f3n en el horario durante los fines de semana.<\/p>\n<p>La Feria Internacional de Artesan\u00edas de San Juan representa una oportunidad \u00fanica para celebrar la creatividad y el talento artesanal de la regi\u00f3n y m\u00e1s all\u00e1. Despu\u00e9s del \u00e9xito del a\u00f1o pasado y con las novedades planeadas para esta edici\u00f3n, se espera que el evento contin\u00fae atrayendo a una gran cantidad de visitantes que podr\u00e1n disfrutar no solo de las creaciones art\u00edsticas, sino tambi\u00e9n de una variada oferta gastron\u00f3mica que incluir\u00e1 caf\u00e9s, parrilladas y una amplia selecci\u00f3n de Food Trucks con diversas propuestas culinarias y precios.<\/p>\n<p>La entrada <a href=\"https:\/\/diariod3.com\/inicio\/feria-de-artesanias-en-san-juan-mas-espacio-y-novedades-para-la-28a-edicion\/\" rel=\"noreferrer noopener\" target=\"_blank\">Feria de Artesan\u00edas en San Juan: M\u00e1s Espacio y Novedades para la 28\u00aa Edici\u00f3n<\/a> se public\u00f3 primero en <a href=\"https:\/\/diariod3.com\/inicio\" rel=\"noreferrer noopener\" target=\"_blank\">DIARIO D3 NOTICIAS<\/a>.<\/p>\n","protected":false},"excerpt":{"rendered":"<p>La Feria Internacional de Artesan\u00edas, uno de los eventos m\u00e1s esperados en la agenda cultural de San Juan, est\u00e1 a punto de dar inicio a su 28\u00aa edici\u00f3n el pr\u00f3ximo 31 de agosto. Despu\u00e9s de un aplazamiento en mayo, este ic\u00f3nico encuentro se llevar\u00e1 a cabo en el Costanera Predio Ferial de Chimbas hasta el [&hellip;]<\/p>\n","protected":false},"author":1,"featured_media":0,"comment_status":"open","ping_status":"open","sticky":false,"template":"","format":"standard","meta":{"footnotes":""},"categories":[10],"tags":[],"_links":{"self":[{"href":"https:\/\/maxradio923.com.ar\/index.php\/wp-json\/wp\/v2\/posts\/601"}],"collection":[{"href":"https:\/\/maxradio923.com.ar\/index.php\/wp-json\/wp\/v2\/posts"}],"about":[{"href":"https:\/\/maxradio923.com.ar\/index.php\/wp-json\/wp\/v2\/types\/post"}],"author":[{"embeddable":true,"href":"https:\/\/maxradio923.com.ar\/index.php\/wp-json\/wp\/v2\/users\/1"}],"replies":[{"embeddable":true,"href":"https:\/\/maxradio923.com.ar\/index.php\/wp-json\/wp\/v2\/comments?post=601"}],"version-history":[{"count":0,"href":"https:\/\/maxradio923.com.ar\/index.php\/wp-json\/wp\/v2\/posts\/601\/revisions"}],"wp:attachment":[{"href":"https:\/\/maxradio923.com.ar\/index.php\/wp-json\/wp\/v2\/media?parent=601"}],"wp:term":[{"taxonomy":"category","embeddable":true,"href":"https:\/\/maxradio923.com.ar\/index.php\/wp-json\/wp\/v2\/categories?post=601"},{"taxonomy":"post_tag","embeddable":true,"href":"https:\/\/maxradio923.com.ar\/index.php\/wp-json\/wp\/v2\/tags?post=601"}],"curies":[{"name":"wp","href":"https:\/\/api.w.org\/{rel}","templated":true}]}}