{"id":5968,"date":"2023-10-04T15:14:59","date_gmt":"2023-10-04T18:14:59","guid":{"rendered":"https:\/\/maxradio923.com\/index.php\/2023\/10\/04\/luis-petri-ante-empresarios-una-reforma-laboral-es-absolutamente-imprescindible\/"},"modified":"2023-10-04T17:24:06","modified_gmt":"2023-10-04T20:24:06","slug":"luis-petri-ante-empresarios-una-reforma-laboral-es-absolutamente-imprescindible","status":"publish","type":"post","link":"https:\/\/maxradio923.com.ar\/index.php\/2023\/10\/04\/luis-petri-ante-empresarios-una-reforma-laboral-es-absolutamente-imprescindible\/","title":{"rendered":"Luis Petri, ante empresarios: \u00abUna reforma laboral es absolutamente imprescindible\u00bb"},"content":{"rendered":"<p><img decoding=\"async\" src=\"https:\/\/diariod3.com\/inicio\/wp-content\/uploads\/2023\/10\/1542dee1-2451-47d8-ae10-746132cd1b25_crop1696433393234.jpg_1536916664.jpg\"\/><\/p>\n<p>El candidato a vicepresidente por JxC habl\u00f3 en una reuni\u00f3n con pymes.<\/p>\n<figure>\n<figure><img decoding=\"async\" src=\"https:\/\/www.diariodecuyo.com.ar\/__export\/1696433393848\/sites\/diariodecuyo\/img\/2023\/10\/04\/1542dee1-2451-47d8-ae10-746132cd1b25_crop1696433393234.jpg_1536916664.jpg\" alt=\"Luis Petri, ante empresarios: \"\/><\/figure>\n<\/figure>\n<p>El candidato a la Vicepresidencia de Juntos por el Cambio (JxC), Luis Petri, consider\u00f3 hoy que avanzar con una reforma laboral \u00abes absolutamente imprescindible\u00bb y se\u00f1al\u00f3 puntualmente que, en caso de acceder a la Presidencia, desde esa coalici\u00f3n impulsar\u00e1n \u00abla eliminaci\u00f3n de las multas laborales, que incrementan las indemnizaciones\u00bb por despidos y las tornan a su criterio \u00abirracionales\u00bb, <strong>en un encuentro de CAME, en el que participa con una cobertura especial Diario de Cuyo.<\/strong><\/p>\n<p>\u201cDespedir un trabajador con diez a\u00f1os de antig\u00fcedad con un salario promedio sale 1.800.000 pesos pero, cuando se aplican las multas, termina siendo 10 millones, y all\u00ed el sistema se vuelve irracional\u201d, manifest\u00f3 Petri al exponer hoy en el marco de una reuni\u00f3n del Consejo Directivo de la Confederaci\u00f3n Argentina de la Mediana Empresa (CAME), la organizaci\u00f3n que nuclea empresarios pymes, convocada para conocer las propuestas de los candidatos para el sector, de cara a las elecciones presidenciales del 22 de octubre.<\/p>\n<p>All\u00ed, el compa\u00f1ero de f\u00f3rmula de Patricia Bullrich remarc\u00f3, entre otras propuestas, que Juntos por el Cambio propone \u00abterminar con las cajas de la pol\u00edtica\u00bb, \u00abequilibrar el gasto de las empresas p\u00fablicas\u00bb y \u00abcortar la intermediaci\u00f3n\u00bb en la entrega de planes sociales, al tiempo que consider\u00f3 que \u00abuna reforma laboral es absolutamente imprescindible\u00bb.<\/p>\n<p>Adem\u00e1s, se mostr\u00f3 confiado en las chances electorales de JxC de cara a los comicios: \u201cEstamos bien, vamos a estar en el balotaje\u201d, augur\u00f3.<\/p>\n<p>En uno de los principales tramos de su presentaci\u00f3n, Luis Petri consider\u00f3 \u00ababsolutamente imprescindible\u00bb que se avance en \u00abuna reforma laboral\u00bb para \u201cformalizar a 8 millones de trabajadores que est\u00e1n precarizados y que hoy no est\u00e1n amparados ni registrados\u201d.<\/p>\n<p>Tambi\u00e9n, del mismo modo en que lo hab\u00eda explicado la candidata presidencial de JxC, Patricia Bullrich, en otras exposiciones, Petri dijo que desde JxC promover\u00e1n la eliminaci\u00f3n de las multas laborales que incrementan las indemnizaciones en caso de despido e insisti\u00f3 con que la normativa actual genera \u00abun sistema irracional\u00bb.<\/p>\n<p>Ayer, Bullrich hab\u00eda asegurado que, si Juntos por el Cambio gana las elecciones y el Congreso nacional no acompa\u00f1a los proyectos de ley que enviar\u00e1 para modificar leyes laborales, impulsar\u00e1 estos cambios por decreto de necesidad y urgencia (DNU).<\/p>\n<p>En un reportaje con radio Neura, Bullrich fue consultada respecto de qu\u00e9 har\u00e1 en caso de llegar a la Casa Rosada y encontrar resistencia pol\u00edtica y sindical a cambios en las normas laborales, a lo que Bullrich respondi\u00f3 que est\u00e1 dispuesta a modificarlas por medio de un DNU.<\/p>\n<p>\u201cBueno, hago un DNU y te las derogo en dos minutos. No te preocupes; yo voy a salvar a las pymes y no voy a dejar que las maten\u201d, indic\u00f3 la candidata presidencial en esa entrevista.<\/p>\n<p>En su exposici\u00f3n de hoy ante la CAME, el mendocino Luis Petri afirm\u00f3 que \u201cno habr\u00e1 plan econ\u00f3mico ni de seguridad que pueda triunfar en un Gobierno corrupto\u201d y agreg\u00f3 que la Argentina necesita \u201cun Gobierno moral, decente, austero, de patriotas y no un Gobierno de bandidos y delincuentes\u201d.<\/p>\n<p>Tambi\u00e9n consider\u00f3 que el pr\u00f3ximo Gobierno deber\u00e1 \u201cponer a dieta al Estado\u201d y que ese recorte debe comenzar \u201ccon el gasto de la pol\u00edtica\u201d.<\/p>\n<p>La entrada <a href=\"https:\/\/diariod3.com\/inicio\/luis-petri-ante-empresarios-una-reforma-laboral-es-absolutamente-imprescindible\/\" rel=\"noreferrer noopener\" target=\"_blank\">Luis Petri, ante empresarios: \u00abUna reforma laboral es absolutamente imprescindible\u00bb<\/a> se public\u00f3 primero en <a href=\"https:\/\/diariod3.com\/inicio\" rel=\"noreferrer noopener\" target=\"_blank\">DIARIO D3 NOTICIAS<\/a>.<\/p>\n","protected":false},"excerpt":{"rendered":"<p>El candidato a vicepresidente por JxC habl\u00f3 en una reuni\u00f3n con pymes. El candidato a la Vicepresidencia de Juntos por el Cambio (JxC), Luis Petri, consider\u00f3 hoy que avanzar con una reforma laboral \u00abes absolutamente imprescindible\u00bb y se\u00f1al\u00f3 puntualmente que, en caso de acceder a la Presidencia, desde esa coalici\u00f3n impulsar\u00e1n \u00abla eliminaci\u00f3n de las [&hellip;]<\/p>\n","protected":false},"author":2,"featured_media":5977,"comment_status":"closed","ping_status":"","sticky":false,"template":"","format":"standard","meta":{"footnotes":""},"categories":[12],"tags":[],"_links":{"self":[{"href":"https:\/\/maxradio923.com.ar\/index.php\/wp-json\/wp\/v2\/posts\/5968"}],"collection":[{"href":"https:\/\/maxradio923.com.ar\/index.php\/wp-json\/wp\/v2\/posts"}],"about":[{"href":"https:\/\/maxradio923.com.ar\/index.php\/wp-json\/wp\/v2\/types\/post"}],"author":[{"embeddable":true,"href":"https:\/\/maxradio923.com.ar\/index.php\/wp-json\/wp\/v2\/users\/2"}],"replies":[{"embeddable":true,"href":"https:\/\/maxradio923.com.ar\/index.php\/wp-json\/wp\/v2\/comments?post=5968"}],"version-history":[{"count":1,"href":"https:\/\/maxradio923.com.ar\/index.php\/wp-json\/wp\/v2\/posts\/5968\/revisions"}],"predecessor-version":[{"id":5976,"href":"https:\/\/maxradio923.com.ar\/index.php\/wp-json\/wp\/v2\/posts\/5968\/revisions\/5976"}],"wp:featuredmedia":[{"embeddable":true,"href":"https:\/\/maxradio923.com.ar\/index.php\/wp-json\/wp\/v2\/media\/5977"}],"wp:attachment":[{"href":"https:\/\/maxradio923.com.ar\/index.php\/wp-json\/wp\/v2\/media?parent=5968"}],"wp:term":[{"taxonomy":"category","embeddable":true,"href":"https:\/\/maxradio923.com.ar\/index.php\/wp-json\/wp\/v2\/categories?post=5968"},{"taxonomy":"post_tag","embeddable":true,"href":"https:\/\/maxradio923.com.ar\/index.php\/wp-json\/wp\/v2\/tags?post=5968"}],"curies":[{"name":"wp","href":"https:\/\/api.w.org\/{rel}","templated":true}]}}