{"id":5922,"date":"2023-10-04T11:14:18","date_gmt":"2023-10-04T14:14:18","guid":{"rendered":"https:\/\/maxradio923.com\/index.php\/2023\/10\/04\/el-auditorio-juan-victoria-abre-la-agenda-de-octubre-con-grandes-propuestas-2\/"},"modified":"2023-10-04T11:14:18","modified_gmt":"2023-10-04T14:14:18","slug":"el-auditorio-juan-victoria-abre-la-agenda-de-octubre-con-grandes-propuestas-2","status":"publish","type":"post","link":"https:\/\/maxradio923.com.ar\/index.php\/2023\/10\/04\/el-auditorio-juan-victoria-abre-la-agenda-de-octubre-con-grandes-propuestas-2\/","title":{"rendered":"El Auditorio Juan Victoria abre la agenda de octubre con grandes propuestas"},"content":{"rendered":"<p><img decoding=\"async\" src=\"https:\/\/diariod3.com\/inicio\/wp-content\/uploads\/2023\/10\/57e1cc6b6a85c1316c705f4bcbd9ceed_L-1.jpg\"\/><\/p>\n<p>Durante el primer fin de semana del mes se realizar\u00e1n diversas actividades musicales y culturales para todo p\u00fablico.<\/p>\n<p><a href=\"https:\/\/sisanjuan.b-cdn.net\/media\/k2\/items\/cache\/57e1cc6b6a85c1316c705f4bcbd9ceed_XL.jpg\" rel=\"noreferrer noopener\" target=\"_blank\"><img decoding=\"async\" src=\"https:\/\/sisanjuan.b-cdn.net\/media\/k2\/items\/cache\/57e1cc6b6a85c1316c705f4bcbd9ceed_L.jpg\" alt=\"El Auditorio Juan Victoria abre la agenda de octubre con grandes propuestas\"\/><\/a><\/p>\n<p>En el marco del 1\u00b0 Festival Internacional de M\u00fasica de C\u00e1mara, el Auditorio Juan Victoria se prepara para recibir al Cuarteto de Saxofones de la Universidad Nacional de San Juan. El jueves 5 de octubre a las 21, los amantes de la m\u00fasica podr\u00e1n disfrutar de la armoniosa interpretaci\u00f3n de Mariana Cuadra en el saxof\u00f3n soprano, Mat\u00edas Araya en el saxof\u00f3n alto, Marina Pasten en el saxof\u00f3n tenor y Lucas Lillo en el saxof\u00f3n bar\u00edtono.<\/p>\n<p>La entrada para este evento es libre y gratuita, brindando a la comunidad la oportunidad de sumergirse en la magia de la m\u00fasica de c\u00e1mara.<\/p>\n<p>Por otro lado, el s\u00e1bado 7 de octubre a las 21, el Auditorio Juan Victoria ser\u00e1 el escenario de un encuentro coral. En esta oportunidad, participar\u00e1 el Estudio Coral Kod\u00e1ly, dirigido por Jorge Fuentes, y el Coro Club Regatas Mendoza, bajo la direcci\u00f3n de Liliana S\u00e1nchez.<\/p>\n<p>Este evento promete una experiencia coral \u00fanica, enriquecida por la diversidad de repertorios y estilos de ambos coros. La entrada para asistir a este encuentro consiste en un bono contribuci\u00f3n de $500.<\/p>\n<p>Adem\u00e1s de la m\u00fasica, los jardines del Auditorio Juan Victoria ser\u00e1n el lugar perfecto para la expresi\u00f3n art\u00edstica y la celebraci\u00f3n de la artesan\u00eda local durante los d\u00edas 7 y 8 de octubre. La feria \u00abLocas por la Feria\u00bb estar\u00e1 abierta al p\u00fablico de 16 a 22, ofreciendo una amplia variedad de creaciones art\u00edsticas y dise\u00f1os de talentosos artesanos locales.<\/p>\n<p>La entrada <a href=\"https:\/\/diariod3.com\/inicio\/el-auditorio-juan-victoria-abre-la-agenda-de-octubre-con-grandes-propuestas-2\/\" rel=\"noreferrer noopener\" target=\"_blank\">El Auditorio Juan Victoria abre la agenda de octubre con grandes propuestas<\/a> se public\u00f3 primero en <a href=\"https:\/\/diariod3.com\/inicio\" rel=\"noreferrer noopener\" target=\"_blank\">DIARIO D3 NOTICIAS<\/a>.<\/p>\n","protected":false},"excerpt":{"rendered":"<p>Durante el primer fin de semana del mes se realizar\u00e1n diversas actividades musicales y culturales para todo p\u00fablico. En el marco del 1\u00b0 Festival Internacional de M\u00fasica de C\u00e1mara, el Auditorio Juan Victoria se prepara para recibir al Cuarteto de Saxofones de la Universidad Nacional de San Juan. El jueves 5 de octubre a las [&hellip;]<\/p>\n","protected":false},"author":1,"featured_media":5923,"comment_status":"","ping_status":"","sticky":false,"template":"","format":"standard","meta":{"footnotes":""},"categories":[10],"tags":[],"_links":{"self":[{"href":"https:\/\/maxradio923.com.ar\/index.php\/wp-json\/wp\/v2\/posts\/5922"}],"collection":[{"href":"https:\/\/maxradio923.com.ar\/index.php\/wp-json\/wp\/v2\/posts"}],"about":[{"href":"https:\/\/maxradio923.com.ar\/index.php\/wp-json\/wp\/v2\/types\/post"}],"author":[{"embeddable":true,"href":"https:\/\/maxradio923.com.ar\/index.php\/wp-json\/wp\/v2\/users\/1"}],"replies":[{"embeddable":true,"href":"https:\/\/maxradio923.com.ar\/index.php\/wp-json\/wp\/v2\/comments?post=5922"}],"version-history":[{"count":0,"href":"https:\/\/maxradio923.com.ar\/index.php\/wp-json\/wp\/v2\/posts\/5922\/revisions"}],"wp:featuredmedia":[{"embeddable":true,"href":"https:\/\/maxradio923.com.ar\/index.php\/wp-json\/wp\/v2\/media\/5923"}],"wp:attachment":[{"href":"https:\/\/maxradio923.com.ar\/index.php\/wp-json\/wp\/v2\/media?parent=5922"}],"wp:term":[{"taxonomy":"category","embeddable":true,"href":"https:\/\/maxradio923.com.ar\/index.php\/wp-json\/wp\/v2\/categories?post=5922"},{"taxonomy":"post_tag","embeddable":true,"href":"https:\/\/maxradio923.com.ar\/index.php\/wp-json\/wp\/v2\/tags?post=5922"}],"curies":[{"name":"wp","href":"https:\/\/api.w.org\/{rel}","templated":true}]}}