{"id":5902,"date":"2023-10-04T10:14:18","date_gmt":"2023-10-04T13:14:18","guid":{"rendered":"https:\/\/maxradio923.com\/index.php\/2023\/10\/04\/el-musico-argentino-que-escribio-canciones-con-dos-papas-y-puede-ganar-el-premio-nobel-de-la-paz\/"},"modified":"2023-10-04T10:14:18","modified_gmt":"2023-10-04T13:14:18","slug":"el-musico-argentino-que-escribio-canciones-con-dos-papas-y-puede-ganar-el-premio-nobel-de-la-paz","status":"publish","type":"post","link":"https:\/\/maxradio923.com.ar\/index.php\/2023\/10\/04\/el-musico-argentino-que-escribio-canciones-con-dos-papas-y-puede-ganar-el-premio-nobel-de-la-paz\/","title":{"rendered":"El m\u00fasico argentino que escribi\u00f3 canciones con dos Papas y puede ganar el Premio Nobel de la Paz"},"content":{"rendered":"<ul>\n<li>Odino Faccia es de Ensenada y tiene 49 a\u00f1os.<\/li>\n<li>Le puso m\u00fasica a unos versos de Juan Pablo II y escribi\u00f3 con el Papa Francisco &quot;Para que todos sean uno&quot;.<\/li>\n<li>Este viernes 6 de octubre se sabr\u00e1 si gana el Nobel.<\/li>\n<\/ul>\n","protected":false},"excerpt":{"rendered":"<p>Odino Faccia es de Ensenada y tiene 49 a\u00f1os. Le puso m\u00fasica a unos versos de Juan Pablo II y escribi\u00f3 con el Papa Francisco &quot;Para que todos sean uno&quot;. Este viernes 6 de octubre se sabr\u00e1 si gana el Nobel.<\/p>\n","protected":false},"author":2,"featured_media":5903,"comment_status":"","ping_status":"","sticky":false,"template":"","format":"standard","meta":{"footnotes":""},"categories":[4],"tags":[],"_links":{"self":[{"href":"https:\/\/maxradio923.com.ar\/index.php\/wp-json\/wp\/v2\/posts\/5902"}],"collection":[{"href":"https:\/\/maxradio923.com.ar\/index.php\/wp-json\/wp\/v2\/posts"}],"about":[{"href":"https:\/\/maxradio923.com.ar\/index.php\/wp-json\/wp\/v2\/types\/post"}],"author":[{"embeddable":true,"href":"https:\/\/maxradio923.com.ar\/index.php\/wp-json\/wp\/v2\/users\/2"}],"replies":[{"embeddable":true,"href":"https:\/\/maxradio923.com.ar\/index.php\/wp-json\/wp\/v2\/comments?post=5902"}],"version-history":[{"count":0,"href":"https:\/\/maxradio923.com.ar\/index.php\/wp-json\/wp\/v2\/posts\/5902\/revisions"}],"wp:featuredmedia":[{"embeddable":true,"href":"https:\/\/maxradio923.com.ar\/index.php\/wp-json\/wp\/v2\/media\/5903"}],"wp:attachment":[{"href":"https:\/\/maxradio923.com.ar\/index.php\/wp-json\/wp\/v2\/media?parent=5902"}],"wp:term":[{"taxonomy":"category","embeddable":true,"href":"https:\/\/maxradio923.com.ar\/index.php\/wp-json\/wp\/v2\/categories?post=5902"},{"taxonomy":"post_tag","embeddable":true,"href":"https:\/\/maxradio923.com.ar\/index.php\/wp-json\/wp\/v2\/tags?post=5902"}],"curies":[{"name":"wp","href":"https:\/\/api.w.org\/{rel}","templated":true}]}}