{"id":5873,"date":"2023-10-04T00:44:06","date_gmt":"2023-10-04T03:44:06","guid":{"rendered":"https:\/\/maxradio923.com\/index.php\/2023\/10\/04\/imputan-a-insaurralde-por-lavado-de-dinero-y-sube-el-temor-en-el-oficialismo-por-el-impacto-en-las-elecciones\/"},"modified":"2023-10-04T09:04:54","modified_gmt":"2023-10-04T12:04:54","slug":"imputan-a-insaurralde-por-lavado-de-dinero-y-sube-el-temor-en-el-oficialismo-por-el-impacto-en-las-elecciones","status":"publish","type":"post","link":"https:\/\/maxradio923.com.ar\/index.php\/2023\/10\/04\/imputan-a-insaurralde-por-lavado-de-dinero-y-sube-el-temor-en-el-oficialismo-por-el-impacto-en-las-elecciones\/","title":{"rendered":"Imputan a Insaurralde por lavado de dinero y sube el temor en el oficialismo por el impacto en las elecciones"},"content":{"rendered":"<p><img decoding=\"async\" src=\"https:\/\/diariod3.com\/inicio\/wp-content\/uploads\/2023\/10\/dcc011023-016f02.jpg_1536916664-1.jpg\"\/><\/p>\n<p>El dictamen fue firmado por el fiscal federal Sergio Mola, quien tambi\u00e9n solicit\u00f3 el apartamiento del juez Federico Villena porque la ex mujer del dirigente pol\u00edtico trabaja en el juzgado federal de Lomas de Zamora desde 2008.<\/p>\n<figure>\n<figure><img decoding=\"async\" src=\"https:\/\/www.diariodecuyo.com.ar\/__export\/1696120098363\/sites\/diariodecuyo\/img\/2023\/09\/30\/dcc011023-016f02.jpg_1536916664.jpg\" alt=\"Insaurralde en Marbella. - mart\u00edn insaurralde\"\/><\/figure>\n<\/figure>\n<p>No es la mejor semana para el exministro bonaerense e intendente licenciado en Lomas de Zamora, Mart\u00edn Insaurralde. Al esc\u00e1ndalo desatado por las fotos y videos de su viaje con la modelo Sof\u00eda Clerici en un yate por el Mediterr\u00e1neo y las inmediatas denuncias judiciales en su contra, la primera de ellas no promete alivio al navegante: el fiscal Sergio Mola acaba de imputarlo por lavado de dinero.<\/p>\n<p>Mola es uno de los fiscales federales de Lomas, pero quienes no est\u00e1n acostumbrados al traj\u00edn judicial lo recordar\u00e1n por su labor junto a Diego Luciani como acusador ante el Tribunal Oral Federal 2 porte\u00f1o en el caso Vialidad, que termin\u00f3 con la condena de la vicepresidenta Cristina Kirchner y su socio L\u00e1zaro B\u00e1ez.<\/p>\n<p>La imputaci\u00f3n de uno de los hombres claves en el sistema de poder peronista de la provincia de Buenos Aires alimenta un fantasma que asusta en el oficialismo: que la cadena de hechos de corrupci\u00f3n flagrantes en el distrito tenga consecuencias electorales el pr\u00f3ximo domingo 22.<\/p>\n<p>El representante del Ministerio P\u00fablico Fiscal impuls\u00f3 una de las denuncias presentadas en el distrito gobernado por Insaurralde, y tambi\u00e9n pidi\u00f3 que sea apartado del caso el juez Federico Villena, uno de los dos magistrados federales del distrito y a quien se le atribuyen supuestos lazos personales con el denunciado tripulante del yate Bandido.<\/p>\n<p>Un dato est\u00e1 confirmado: la primera exesposa de Insaurralde, Liana Toledo, es prosecretaria del juzgado de Villena, lo que a criterio de Mola abona \u201cun temor fundado de parcialidad\u201d. En los tribunales advierten que Toledo ingres\u00f3 a esa dependencia en 2003, y Villena reci\u00e9n fue designado all\u00ed quince a\u00f1os m\u00e1s tarde.<\/p>\n<p>Mola tambi\u00e9n desliza su perplejidad por la celeridad con que el abogado Gast\u00f3n Marano -quien tambi\u00e9n se hizo conocido como defensor del \u00abcopito\u00bb Gabriel Carrizo en el caso por el atentado contra Cristina- se present\u00f3 en tribunales el mismo s\u00e1bado en que trascendieron las im\u00e1genes de Insaurralde con su acompa\u00f1ante en Europa, y pocas horas antes de que terminara el turno de Villena.<\/p>\n<p>Ahora el juez debe responder si acepta la recusaci\u00f3n y se aparta, o si la rechaza y pretende quedarse con la investigaci\u00f3n. Si la cede, la recibir\u00e1 su colega ahora a cargo del juzgado federal 2, Ernesto Kreplak. Si no, la C\u00e1mara Federal de La Plata tendr\u00e1 72 horas para decidir qui\u00e9n investigar\u00e1 a Insaurralde en su pago chico.<\/p>\n<p>Cerca de Villena aseguran que la relaci\u00f3n del juez con el ahora imputado es \u00absocial\u00bb, y que en los pr\u00f3ximos d\u00edas analizar\u00e1 la recusaci\u00f3n para decidir si la acepta. Hasta entonces, no impulsar\u00e1 medidas para que eventualmente no sean objetadas si \u00e9l se aparta o lo desplaza la C\u00e1mara.<\/p>\n<p><strong>El protocolo de investigaci\u00f3n patrimonial<\/strong><\/p>\n<p>Mientras tanto, Mola ya pidi\u00f3 un abanico de medidas cuya realizaci\u00f3n dejar\u00eda la causa m\u00e1s que encaminada: desde los movimientos migratorios del ex jefe de Gabinete de Axel Kicillof y su \u00bfnovia? -a quien Marano denunci\u00f3 como supuesta encubridora-, las fechas de los viajes bajo la lupa, y el paquete de datos b\u00e1sicos del \u00abprotocolo de investigaci\u00f3n patrimonial\u00bb.<\/p>\n<p>Ese set de datos cuya b\u00fasqueda deber\u00e1 autorizar el juez que finalmente retenga el expediente incluye el levantamiento del secreto fiscal y bancario, pedidos de informes a los registros de la propiedad inmueble y automotor, un an\u00e1lisis impositivo y el cruce de los gastos contra los ingresos declarados: seg\u00fan las declaraciones juradas de bienes de Insaurralde, las respuestas a estas preguntas requerir\u00e1n de mucho talento y buena voluntad por parte de los funcionarios judiciales para aceptar las explicaciones.<\/p>\n<p>Mola tambi\u00e9n pidi\u00f3 certificar las causas abiertas contra el imputado en otros juzgados, para reconstruir y ordenar el mapa de las denuncias multiplicadas desde el s\u00e1bado. De hecho, en el otro juzgado de Lomas tambi\u00e9n hay otra acusaci\u00f3n pendiente, que est\u00e1 en manos de la colega de Mola, Cecilia Incardona.<\/p>\n<p>En la fiscal\u00eda lomense recordaban este martes que \u00abla investigaci\u00f3n inicial es por lavado, lo que implica que existir\u00eda un delito precedente que podr\u00eda ser la evasi\u00f3n fiscal, aunque no se descarta el enriquecimiento il\u00edcito.\u00bb<\/p>\n<p>La entrada <a href=\"https:\/\/diariod3.com\/inicio\/imputan-a-insaurralde-por-lavado-de-dinero-y-sube-el-temor-en-el-oficialismo-por-el-impacto-en-las-elecciones\/\" rel=\"noreferrer noopener\" target=\"_blank\">Imputan a Insaurralde por lavado de dinero y sube el temor en el oficialismo por el impacto en las elecciones<\/a> se public\u00f3 primero en <a href=\"https:\/\/diariod3.com\/inicio\" rel=\"noreferrer noopener\" target=\"_blank\">DIARIO D3 NOTICIAS<\/a>.<\/p>\n","protected":false},"excerpt":{"rendered":"<p>El dictamen fue firmado por el fiscal federal Sergio Mola, quien tambi\u00e9n solicit\u00f3 el apartamiento del juez Federico Villena porque la ex mujer del dirigente pol\u00edtico trabaja en el juzgado federal de Lomas de Zamora desde 2008. No es la mejor semana para el exministro bonaerense e intendente licenciado en Lomas de Zamora, Mart\u00edn Insaurralde. [&hellip;]<\/p>\n","protected":false},"author":2,"featured_media":5896,"comment_status":"closed","ping_status":"","sticky":false,"template":"","format":"standard","meta":{"footnotes":""},"categories":[12],"tags":[],"_links":{"self":[{"href":"https:\/\/maxradio923.com.ar\/index.php\/wp-json\/wp\/v2\/posts\/5873"}],"collection":[{"href":"https:\/\/maxradio923.com.ar\/index.php\/wp-json\/wp\/v2\/posts"}],"about":[{"href":"https:\/\/maxradio923.com.ar\/index.php\/wp-json\/wp\/v2\/types\/post"}],"author":[{"embeddable":true,"href":"https:\/\/maxradio923.com.ar\/index.php\/wp-json\/wp\/v2\/users\/2"}],"replies":[{"embeddable":true,"href":"https:\/\/maxradio923.com.ar\/index.php\/wp-json\/wp\/v2\/comments?post=5873"}],"version-history":[{"count":1,"href":"https:\/\/maxradio923.com.ar\/index.php\/wp-json\/wp\/v2\/posts\/5873\/revisions"}],"predecessor-version":[{"id":5887,"href":"https:\/\/maxradio923.com.ar\/index.php\/wp-json\/wp\/v2\/posts\/5873\/revisions\/5887"}],"wp:featuredmedia":[{"embeddable":true,"href":"https:\/\/maxradio923.com.ar\/index.php\/wp-json\/wp\/v2\/media\/5896"}],"wp:attachment":[{"href":"https:\/\/maxradio923.com.ar\/index.php\/wp-json\/wp\/v2\/media?parent=5873"}],"wp:term":[{"taxonomy":"category","embeddable":true,"href":"https:\/\/maxradio923.com.ar\/index.php\/wp-json\/wp\/v2\/categories?post=5873"},{"taxonomy":"post_tag","embeddable":true,"href":"https:\/\/maxradio923.com.ar\/index.php\/wp-json\/wp\/v2\/tags?post=5873"}],"curies":[{"name":"wp","href":"https:\/\/api.w.org\/{rel}","templated":true}]}}