{"id":5862,"date":"2023-10-03T22:34:22","date_gmt":"2023-10-04T01:34:22","guid":{"rendered":"https:\/\/maxradio923.com\/index.php\/2023\/10\/03\/macri-y-un-eventual-gobierno-de-milei-espero-que-jxc-apoye-las-reformas-razonables-en-el-congreso\/"},"modified":"2023-10-04T09:04:56","modified_gmt":"2023-10-04T12:04:56","slug":"macri-y-un-eventual-gobierno-de-milei-espero-que-jxc-apoye-las-reformas-razonables-en-el-congreso","status":"publish","type":"post","link":"https:\/\/maxradio923.com.ar\/index.php\/2023\/10\/03\/macri-y-un-eventual-gobierno-de-milei-espero-que-jxc-apoye-las-reformas-razonables-en-el-congreso\/","title":{"rendered":"Macri y un eventual gobierno de Milei: \u201cEspero que JxC apoye las reformas razonables en el Congreso\u201d"},"content":{"rendered":"<p><img decoding=\"async\" src=\"https:\/\/diariod3.com\/inicio\/wp-content\/uploads\/2023\/09\/14-macri.jpg\"\/><\/p>\n<p>El ex presidente tambi\u00e9n  marc\u00f3 la \u201cfalta de estructura\u201d del libertario y que \u201cno tiene gobernadores para hacer los cambios necesarios\u201d.<\/p>\n<p>En una charla en Harvard, el expresidente Mauricio Macri dijo que en un eventual gobierno de Javier Milei espera que \u201dJuntos por el Cambio apoye las reformas razonables en el Congreso\u201d. Fue durante una exposici\u00f3n en el Instituto de Pol\u00edtica de la Escuela Kennedy de Harvard.<\/p>\n<p>\u201cCreo que vamos a ganar la elecci\u00f3n, pero en caso de que eso no suceda y \u00e9l gane, espero que nuestra coalici\u00f3n acompa\u00f1e cualquier reforma razonable para que la Argentina pueda dejar atr\u00e1s este sistema tramposo en el que estamos atrapados\u201d, agreg\u00f3.<\/p>\n<p>\u201cEse es el lugar en el que ayudar\u00edamos. El gran desaf\u00edo que tenemos todos juntos es sacar el populismo del pa\u00eds. Siempre cre\u00ed en las ideas liberales, trat\u00e9 de llevarlas a cabo en mi Gobierno\u201d, continu\u00f3.<\/p>\n<p>Al ser consultado si el libertario era un riesgo para la democracia, el exjefe de Estado se\u00f1al\u00f3: \u201cCreo que tenemos una democracia s\u00f3lida. Sobrevivimos muchos intentos del kirchnerismo y ac\u00e1 estamos. Mucha gente apost\u00f3 a que termin\u00e1bamos como Venezuela y no pas\u00f3. Nadie puede arriesgar eso\u201d.<\/p>\n<p>Sobre propuesta de dolarizaci\u00f3n de Milei, Macri destac\u00f3: \u201cEs un intento de atajo, la soluci\u00f3n real es cortar con el d\u00e9ficit fiscal. Este pa\u00eds entra en una locura porque enfrenta una inflaci\u00f3n galopante. Dolarizaci\u00f3n es creer que Estados Unidos nos resuelve todos los problemas y yo no creo eso, as\u00ed no funciona\u201d.<\/p>\n<p>La entrada <a href=\"https:\/\/diariod3.com\/inicio\/macri-y-un-eventual-gobierno-de-milei-espero-que-jxc-apoye-las-reformas-razonables-en-el-congreso\/\" rel=\"noreferrer noopener\" target=\"_blank\">Macri y un eventual gobierno de Milei: \u201cEspero que JxC apoye las reformas razonables en el Congreso\u201d<\/a> se public\u00f3 primero en <a href=\"https:\/\/diariod3.com\/inicio\" rel=\"noreferrer noopener\" target=\"_blank\">DIARIO D3 NOTICIAS<\/a>.<\/p>\n","protected":false},"excerpt":{"rendered":"<p>El ex presidente tambi\u00e9n marc\u00f3 la \u201cfalta de estructura\u201d del libertario y que \u201cno tiene gobernadores para hacer los cambios necesarios\u201d. En una charla en Harvard, el expresidente Mauricio Macri dijo que en un eventual gobierno de Javier Milei espera que \u201dJuntos por el Cambio apoye las reformas razonables en el Congreso\u201d. Fue durante una [&hellip;]<\/p>\n","protected":false},"author":2,"featured_media":5897,"comment_status":"closed","ping_status":"","sticky":false,"template":"","format":"standard","meta":{"footnotes":""},"categories":[12],"tags":[],"_links":{"self":[{"href":"https:\/\/maxradio923.com.ar\/index.php\/wp-json\/wp\/v2\/posts\/5862"}],"collection":[{"href":"https:\/\/maxradio923.com.ar\/index.php\/wp-json\/wp\/v2\/posts"}],"about":[{"href":"https:\/\/maxradio923.com.ar\/index.php\/wp-json\/wp\/v2\/types\/post"}],"author":[{"embeddable":true,"href":"https:\/\/maxradio923.com.ar\/index.php\/wp-json\/wp\/v2\/users\/2"}],"replies":[{"embeddable":true,"href":"https:\/\/maxradio923.com.ar\/index.php\/wp-json\/wp\/v2\/comments?post=5862"}],"version-history":[{"count":1,"href":"https:\/\/maxradio923.com.ar\/index.php\/wp-json\/wp\/v2\/posts\/5862\/revisions"}],"predecessor-version":[{"id":5875,"href":"https:\/\/maxradio923.com.ar\/index.php\/wp-json\/wp\/v2\/posts\/5862\/revisions\/5875"}],"wp:featuredmedia":[{"embeddable":true,"href":"https:\/\/maxradio923.com.ar\/index.php\/wp-json\/wp\/v2\/media\/5897"}],"wp:attachment":[{"href":"https:\/\/maxradio923.com.ar\/index.php\/wp-json\/wp\/v2\/media?parent=5862"}],"wp:term":[{"taxonomy":"category","embeddable":true,"href":"https:\/\/maxradio923.com.ar\/index.php\/wp-json\/wp\/v2\/categories?post=5862"},{"taxonomy":"post_tag","embeddable":true,"href":"https:\/\/maxradio923.com.ar\/index.php\/wp-json\/wp\/v2\/tags?post=5862"}],"curies":[{"name":"wp","href":"https:\/\/api.w.org\/{rel}","templated":true}]}}