{"id":5818,"date":"2023-10-03T18:24:06","date_gmt":"2023-10-03T21:24:06","guid":{"rendered":"https:\/\/maxradio923.com\/index.php\/2023\/10\/03\/milei-no-descarto-sumar-peronistas-a-su-eventual-gobierno-y-cargo-duro-contra-bullrich\/"},"modified":"2023-10-03T22:34:23","modified_gmt":"2023-10-04T01:34:23","slug":"milei-no-descarto-sumar-peronistas-a-su-eventual-gobierno-y-cargo-duro-contra-bullrich","status":"publish","type":"post","link":"https:\/\/maxradio923.com.ar\/index.php\/2023\/10\/03\/milei-no-descarto-sumar-peronistas-a-su-eventual-gobierno-y-cargo-duro-contra-bullrich\/","title":{"rendered":"Milei no descart\u00f3 sumar peronistas a su eventual gobierno y carg\u00f3 duro contra Bullrich"},"content":{"rendered":"<p><img decoding=\"async\" src=\"https:\/\/diariod3.com\/inicio\/wp-content\/uploads\/2023\/10\/426762w790h444c.webp.webp\"\/><\/p>\n<p>El candidato presidencial de La Libertad Avanza (LLA), Javier Milei, asegur\u00f3 que si es elegido jefe de Estado \u00absumar\u00eda peronistas como gente rescatable del PRO\u00bb, ya que todos aquellos que defiendan sus ideas ser\u00e1n \u00abbienvenidos\u00bb. Adem\u00e1s, carg\u00f3 duro contra la candidata de JxC, Patricia Bullrich a quien acus\u00f3 de \u00abmentirosa\u00bb y de jugar sucio.<\/p>\n<p>\u00abSi nosotros ganamos, se va a romper el sistema pol\u00edtico como existe hoy. Juntos por el Cambio y el peronismo no van a existir m\u00e1s. Va a haber un reordenamiento entre los que quieren ir por las ideas de la libertad y los que sean colectivistas, los estatistas\u00bb, explic\u00f3 en una entrevista televisiva.<\/p>\n<p>Asimismo, a\u00f1adi\u00f3: \u00abTodos aquellos que hayan descubierto que las ideas de la libertad son la soluci\u00f3n de los problemas argentinos, bienvenidos\u00bb.<\/p>\n<p><strong>Milei sobre Macri: \u00abEntiende la naturaleza de los problemas\u00bb<\/strong><\/p>\n<p>\u00abSumar\u00eda peronistas como gente del PRO, que es rescatable. Adem\u00e1s de Mauricio Macri. Tuve una charla con \u00e9l. Siempre hablamos un poquito de econom\u00eda. Las nociones que tiene son suficientes para entender la naturaleza de los problemas\u00bb, sostuvo en la se\u00f1al de cable A24.<\/p>\n<p>Por otro lado, el economista, que asegur\u00f3 que gan\u00f3 \u00abampliamente\u00bb el debate presidencial del domingo, asegur\u00f3 que es \u00abmentira\u00bb que haya sufrido ataques de p\u00e1nico la semana pasada y lo adjudic\u00f3 a una teor\u00eda conspirativa de Juntos por el Cambio.<\/p>\n<p>\u00abEs todo mentira. F\u00e1tima (Fl\u00f3rez) ten\u00eda que actuar en Rosario y yo iba a estar en Santiago del Estero por el debate. No nos \u00edbamos a ver. Estuvimos domingo, lunes, martes y mi\u00e9rcoles, porque \u00edbamos a pasar mucho tiempo sin vernos. Entonces baj\u00e9 ciertas exposiciones y me dediqu\u00e9 a trabajar en cosas del debate y a leer\u00bb, remarc\u00f3.<\/p>\n<p><strong>Milei denuncia que JxC hace \u00abcampa\u00f1a sucia\u00bb<\/strong><\/p>\n<p>Y agreg\u00f3: \u00abNo me parece nada malo. La gente de Juntos por el Cambio empez\u00f3 a construir un mont\u00f3n de mentiras\u00bb.<\/p>\n<p>\u00abCon inventar enfermedades, demuestran que son lo peor de la pol\u00edtica\u00bb, subray\u00f3 Milei, quien agreg\u00f3: \u00abJuntos por el Cambio no es distinto al kirchnerismo. Son iguales que el kirchnerismo, nada m\u00e1s que tienen buenos modales\u00bb.<\/p>\n<p>\u00abMienten descaradamente, ensucian, lo hacen con un nivel de violencia enorme\u00bb, a\u00f1adi\u00f3 el referente de La Libertad Avanza, quien apunt\u00f3 contra Patricia Bullrich porque \u00abmiente\u00bb y que a pesar de eso \u00abtuvo una performance desastrosa\u00bb en el primer debate.<\/p>\n<p>\u00abBullrich hace trampa porque se hace trampa porque se sabe inferior\u00bb, asever\u00f3 el libertario.<\/p>\n<p>\u00abQued\u00f3 claro que Bullrich es una c\u00e1scara vac\u00eda, no tiene contenido. No sabe lo que hay que hacer, enga\u00f1a a la gente, no tiene propuestas, es un mont\u00f3n de eslogan pero nunca explica el c\u00f3mo de nada. No son ellos la alternativa del kirchnerismo. El \u00fanico voto \u00fatil somos nosotros. Son parte de lo mismo\u00bb, cerr\u00f3.<\/p>\n<p>Por: Graciela Herrera<\/p>\n<p>La entrada <a href=\"https:\/\/diariod3.com\/inicio\/milei-no-descarto-sumar-peronistas-a-su-eventual-gobierno-y-cargo-duro-contra-bullrich\/\" rel=\"noreferrer noopener\" target=\"_blank\">Milei no descart\u00f3 sumar peronistas a su eventual gobierno y carg\u00f3 duro contra Bullrich<\/a> se public\u00f3 primero en <a href=\"https:\/\/diariod3.com\/inicio\" rel=\"noreferrer noopener\" target=\"_blank\">DIARIO D3 NOTICIAS<\/a>.<\/p>\n","protected":false},"excerpt":{"rendered":"<p>El candidato presidencial de La Libertad Avanza (LLA), Javier Milei, asegur\u00f3 que si es elegido jefe de Estado \u00absumar\u00eda peronistas como gente rescatable del PRO\u00bb, ya que todos aquellos que defiendan sus ideas ser\u00e1n \u00abbienvenidos\u00bb. Adem\u00e1s, carg\u00f3 duro contra la candidata de JxC, Patricia Bullrich a quien acus\u00f3 de \u00abmentirosa\u00bb y de jugar sucio. \u00abSi [&hellip;]<\/p>\n","protected":false},"author":2,"featured_media":5864,"comment_status":"closed","ping_status":"","sticky":false,"template":"","format":"standard","meta":{"footnotes":""},"categories":[12],"tags":[],"_links":{"self":[{"href":"https:\/\/maxradio923.com.ar\/index.php\/wp-json\/wp\/v2\/posts\/5818"}],"collection":[{"href":"https:\/\/maxradio923.com.ar\/index.php\/wp-json\/wp\/v2\/posts"}],"about":[{"href":"https:\/\/maxradio923.com.ar\/index.php\/wp-json\/wp\/v2\/types\/post"}],"author":[{"embeddable":true,"href":"https:\/\/maxradio923.com.ar\/index.php\/wp-json\/wp\/v2\/users\/2"}],"replies":[{"embeddable":true,"href":"https:\/\/maxradio923.com.ar\/index.php\/wp-json\/wp\/v2\/comments?post=5818"}],"version-history":[{"count":1,"href":"https:\/\/maxradio923.com.ar\/index.php\/wp-json\/wp\/v2\/posts\/5818\/revisions"}],"predecessor-version":[{"id":5838,"href":"https:\/\/maxradio923.com.ar\/index.php\/wp-json\/wp\/v2\/posts\/5818\/revisions\/5838"}],"wp:featuredmedia":[{"embeddable":true,"href":"https:\/\/maxradio923.com.ar\/index.php\/wp-json\/wp\/v2\/media\/5864"}],"wp:attachment":[{"href":"https:\/\/maxradio923.com.ar\/index.php\/wp-json\/wp\/v2\/media?parent=5818"}],"wp:term":[{"taxonomy":"category","embeddable":true,"href":"https:\/\/maxradio923.com.ar\/index.php\/wp-json\/wp\/v2\/categories?post=5818"},{"taxonomy":"post_tag","embeddable":true,"href":"https:\/\/maxradio923.com.ar\/index.php\/wp-json\/wp\/v2\/tags?post=5818"}],"curies":[{"name":"wp","href":"https:\/\/api.w.org\/{rel}","templated":true}]}}