{"id":58,"date":"2023-08-23T09:08:18","date_gmt":"2023-08-23T07:08:18","guid":{"rendered":"https:\/\/maxradio923.com\/ypf-se-adjudico-dos-nuevas-areas-en-palermo-aike-para-ampliar-la-campana-en-el-no-convencional\/"},"modified":"2023-08-23T09:08:18","modified_gmt":"2023-08-23T07:08:18","slug":"ypf-se-adjudico-dos-nuevas-areas-en-palermo-aike-para-ampliar-la-campana-en-el-no-convencional","status":"publish","type":"post","link":"https:\/\/maxradio923.com.ar\/index.php\/2023\/08\/23\/ypf-se-adjudico-dos-nuevas-areas-en-palermo-aike-para-ampliar-la-campana-en-el-no-convencional\/","title":{"rendered":"YPF se adjudic\u00f3 dos nuevas \u00e1reas en Palermo Aike para ampliar la campa\u00f1a en el no convencional"},"content":{"rendered":"<p><img decoding=\"async\" src=\"http:\/\/maxradio923.com\/wp-content\/uploads\/2023\/08\/64e514c2750bb_1200-1.jpg\"\/>                  <\/p>\n<p>La empresa <strong>YPF se adjudic\u00f3 este martes en Santa Cruz l<\/strong>a exploraci\u00f3n en las \u00e1reas La Azucena y Campamento Este del desarrollo Palermo Aike, la formaci\u00f3n no convencional que se estima tiene un potencial de producci\u00f3n equivalente a un tercio de la neuquina Vaca Muerta.<\/p>\n<p>En ese sentido, la <strong>Compa\u00f1\u00eda General de Combustibles (CGC)<\/strong> destac\u00f3 \u201clo importante de esta licitaci\u00f3n\u201d para continuar las exploraciones en el \u00e1rea donde a principios de septiembre, en sociedad con la empresa del estado, <strong>perforar\u00e1n el primer pozo no convencional.<\/strong><\/p>\n<p>\u201cLo importante de esta licitaci\u00f3n es la decisi\u00f3n de la provincia y de las empresas que participamos en seguir apostando a la exploraci\u00f3n de Palermo Aike, que nosotros estamos convencidos que es el futuro de la Cuenca Austral\u201d, dijo a T\u00e9lam <strong>Pablo Chebli, Chief Operations Officer (COO) de CGC,<\/strong> sobre la apertura de los sobres B para la prospecci\u00f3n de dos nuevas \u00e1reas.<\/p>\n<p>Se trata de la exploraci\u00f3n en \u201cLa Azucena\u201d y el \u201cCampamento Este\u201d de Palermo Aike para lo que YPF y CGC postularon como oferentes.<\/p>\n<p>Chebli admiti\u00f3: \u201cque hab\u00eda expectativas en estos bloques pero estamos contentos que el ganador sea YPF, nuestro socio en Paso Fuhr y en la zona del pozos Maypa. Sin duda, esto acelerar\u00e1 el conocimiento del Palermo AIke en beneficio de todos, agregando a la experiencia que YPF ya tiene en shale\u201d, dijo.<\/p>\n<p>Para el COO de CGC, \u201ces muy importante que empresas con experiencia en shale como YPF tengan sus bloques en la Cuenca Austral y comiencen sus propias operaciones\u201d.<\/p>\n<p><strong>\u201cVan a ser necesarias muchas compa\u00f1\u00edas operadoras para poder explorar y desarrollar el potencial de PA<\/strong>\u201d, a\u00f1adi\u00f3.<\/p>\n<p>Chebli anticip\u00f3 que \u201cCGC seguir\u00e1 estudiando e invirtiendo en la exploraci\u00f3n del Palermo Aike\u201d.<\/p>\n<figure><img decoding=\"async\" src=\"http:\/\/maxradio923.com\/wp-content\/uploads\/2023\/08\/64e514c2b7383_1200.jpg\" alt=\"Presidente de YPF Pablo GonzlezFoto Walter Diaz\"\/><figcaption>Presidente de YPF, Pablo Gonz\u00e1lez.\/\/Foto Walter Diaz<\/figcaption><\/figure>\n<p>\u201cEstamos a pocos d\u00edas de perforar junto con YPF el primer pozo horizontal all\u00ed y tenemos planes para el a\u00f1o que viene de al menos 2 pozos m\u00e1s, con muchas expectativas en confirmar nuestras estimaciones de productividad para despu\u00e9s ponernos a trabajar fuertemente en el reto principal que es perforar y terminar los pozos a un costo razonable\u201d, agreg\u00f3.<\/p>\n<p>Chebli destac\u00f3 que \u201ceste a\u00f1o, adem\u00e1s del primer pozo de Palermo Aike, <strong>es el a\u00f1o con mayores inversiones para CGC en su historia<\/strong>, con <strong>4 equipos de perforaci\u00f3n, 4 work over y 8 equipos de pulling\u201d.<\/strong><\/p>\n<p>\u00abLa zona es cercana a donde se va a desarrollar el primer pozo con objetivo shale que a partir del 25 de agosto arriba el equipo a la zona donde ya est\u00e1n instalando todas las locaciones\u201d, dijo por su parte <strong>Mat\u00edas Kalmus, presidente del Instituto de Energ\u00eda de SantaCruz<\/strong>, en declaraciones de prensa oficial.<\/p>\n<p>El funcionario destac\u00f3 la <strong>participaci\u00f3n en el acto de la gobernadora Alicia Kirchner,<\/strong> \u201cporque ella viene impulsando este proyecto desde 2016\u201d y de<strong> Pablo Gonz\u00e1lez, presidente de YPF, <\/strong>\u201cgran impulsor dentro de la compa\u00f1\u00eda para generar el entusiasmo sobre Palermo Aike\u201d, dijo.<\/p>\n<p>\u201cEsperamos que a este proyecto se le de continuidad por lo que puede generar desde puestos de trabajos genuinos hasta regal\u00edas o contratos para nuestros proveedores\u00bb, augur\u00f3.<\/p>\n<p>Con 12.600 kil\u00f3metros cuadrados de extensi\u00f3n en la Cuenca Austral, la formaci\u00f3n podr\u00eda tener recursos por 10.000 millones de barriles equivalentes de petr\u00f3leo, lo que representa una tercera parte de Vaca Muerta, la cuarta reserva de crudo del mundo, con la que tiene similitudes geol\u00f3gicas.<\/p>\n<p>En mayo pasado YPF y CGC firmaron el memorando ara el desarrollo conjunto del \u00e1rea.<\/p>\n<p>La <strong>gobernadora Alicia Kirchner y el presidente de YPF, Pablo Gonz\u00e1lez,<\/strong> candidatos a senadores nacionales de Uni\u00f3n por la Patria, coincidieron en que Palermo Aike <strong>\u00abes la esperanza, el desarrollo y futuro de Santa Cruz\u00bb.<\/strong><\/p>\n<p> <strong>FUENTE: TELAM<\/strong> <strong>OPERADOR: ANA PAULA CARRASCO<\/strong>        <\/p>\n<p>La entrada YPF se adjudic\u00f3 dos nuevas \u00e1reas en Palermo Aike para ampliar la campa\u00f1a en el no convencional se public\u00f3 primero en DIARIO D3 NOTICIAS.<\/p>\n","protected":false},"excerpt":{"rendered":"<p>La empresa YPF se adjudic\u00f3 este martes en Santa Cruz la exploraci\u00f3n en las \u00e1reas La Azucena y Campamento Este del desarrollo Palermo Aike, la formaci\u00f3n no convencional que se estima tiene un potencial de producci\u00f3n equivalente a un tercio de la neuquina Vaca Muerta.<br \/>\n En ese sentido, la Compa\u00f1\u00eda General de Combustibles (CGC) destac\u00f3 \u201clo importante de esta licitaci\u00f3n\u201d para continuar las exploraciones en el \u00e1rea donde a principios de septiembre, en sociedad con la empresa del estado, perforar\u00e1n el primer pozo no convencional.<br \/>\n \u201cLo importante de esta licitaci\u00f3n es la decisi\u00f3n de la provincia y de las empresas que participamos en seguir apostando a la exploraci\u00f3n de Palermo Aike, que nosotros estamos convencidos que es el futuro de la Cuenca Austral\u201d, dijo a T\u00e9lam Pablo Chebli, Chief Operations Officer (COO) de CGC, sobre la apertura de los sobres B para la prospecci\u00f3n de dos nuevas \u00e1reas.<br \/>\n Se trata de la exploraci\u00f3n en \u201cLa Azucena\u201d y el \u201cCampamento Este\u201d de Palermo Aike para lo que YPF y C..<\/p>\n","protected":false},"author":1,"featured_media":0,"comment_status":"closed","ping_status":"open","sticky":false,"template":"","format":"standard","meta":{"footnotes":""},"categories":[2],"tags":[],"_links":{"self":[{"href":"https:\/\/maxradio923.com.ar\/index.php\/wp-json\/wp\/v2\/posts\/58"}],"collection":[{"href":"https:\/\/maxradio923.com.ar\/index.php\/wp-json\/wp\/v2\/posts"}],"about":[{"href":"https:\/\/maxradio923.com.ar\/index.php\/wp-json\/wp\/v2\/types\/post"}],"author":[{"embeddable":true,"href":"https:\/\/maxradio923.com.ar\/index.php\/wp-json\/wp\/v2\/users\/1"}],"replies":[{"embeddable":true,"href":"https:\/\/maxradio923.com.ar\/index.php\/wp-json\/wp\/v2\/comments?post=58"}],"version-history":[{"count":0,"href":"https:\/\/maxradio923.com.ar\/index.php\/wp-json\/wp\/v2\/posts\/58\/revisions"}],"wp:attachment":[{"href":"https:\/\/maxradio923.com.ar\/index.php\/wp-json\/wp\/v2\/media?parent=58"}],"wp:term":[{"taxonomy":"category","embeddable":true,"href":"https:\/\/maxradio923.com.ar\/index.php\/wp-json\/wp\/v2\/categories?post=58"},{"taxonomy":"post_tag","embeddable":true,"href":"https:\/\/maxradio923.com.ar\/index.php\/wp-json\/wp\/v2\/tags?post=58"}],"curies":[{"name":"wp","href":"https:\/\/api.w.org\/{rel}","templated":true}]}}