{"id":57774,"date":"2025-11-09T17:35:03","date_gmt":"2025-11-09T20:35:03","guid":{"rendered":"https:\/\/maxradio923.com.ar\/index.php\/2025\/11\/09\/2010estaba-en-su-casa-con-su-hijo-y-lo-mataron-ladrones-que-entraron-a-robarles\/"},"modified":"2025-11-09T17:35:03","modified_gmt":"2025-11-09T20:35:03","slug":"2010estaba-en-su-casa-con-su-hijo-y-lo-mataron-ladrones-que-entraron-a-robarles","status":"publish","type":"post","link":"https:\/\/maxradio923.com.ar\/index.php\/2025\/11\/09\/2010estaba-en-su-casa-con-su-hijo-y-lo-mataron-ladrones-que-entraron-a-robarles\/","title":{"rendered":"20:10Estaba en su casa con su hijo y lo mataron ladrones que entraron a robarles"},"content":{"rendered":"<p><\/p>\n<h2 class=\"article-subheadline text_align_left\">Ocurri\u00f3 en la localidad santafesina de P\u00e9rez.  Miguel El\u00edas Hemadi, de 59 a\u00f1os, ya hab\u00eda sido v\u00edctima de otro asalto hace una semana<\/h2>\n<p><\/p>\n<p class=\"paragraph\"><b>No era la primera vez que le robaban<\/b> y ese no fue un dato menor para los investigadores del crimen de <b>Miguel El\u00edas Hemadi<\/b>, un transportista de<b> 59 a\u00f1os<\/b> que fue asesinado durante un asalto en su casa de la localidad santafesina de <b>P\u00e9rez<\/b> cuando estaba junto a su hijo. <\/p>\n<p><\/p>\n<p class=\"paragraph\">Todo sucedi\u00f3 en las \u00faltimas horas en <b>Juan XXIII al 800<\/b>, entre Moreno y G\u00fcemes, de la localidad de P\u00e9rez, una zona de casas bajas rodeadas de predios sindicales, como los campings de la UOM y UTEDYC.<\/p>\n<p><\/p>\n<p class=\"paragraph\"><b>Hemadi<\/b>, de 59 a\u00f1os, estaba junto a su hijo cuando <b>varios hombres, a\u00fan no identificados<\/b>, ingresaron de manera violenta a la vivienda. Los atacantes golpearon a ambos hombres y sustrajeron <b>un veh\u00edculo Volkswagen Saveiro<\/b>, propiedad de la familia. Tambi\u00e9n se llevaron un celular.<\/p>\n<p><\/p>\n<p class=\"paragraph\">De acuerdo con los datos consignados por fuentes oficiales, <b>la v\u00edctima ya hab\u00eda sufrido un episodio similar la semana anterior<\/b>, durante el cual tambi\u00e9n fue agredido f\u00edsicamente y recibi\u00f3 <b>golpes en la cabeza<\/b> que requirieron<b> <\/b>una intervenci\u00f3n m\u00e9dica. Se investiga ahora si los dos episodios podr\u00edan estar conectados.<\/p>\n<p><\/p>\n<p class=\"paragraph\">Lo cierto es que, ante la gravedad de lo sucedido, el fiscal Ferlazzo orden\u00f3 la intervenci\u00f3n del <b>Gabinete de Criminal\u00edstica<\/b> para realizar las pericias correspondientes en el domicilio, as\u00ed como la <b>autopsia <\/b>para establecer las causas que llevaron al fallecimiento de Hemadi, que no estaban claras para los forenses este domingo al mediod\u00eda, aunque s\u00ed fue confirmado que <b>se trat\u00f3 de una muerte violenta<\/b>.<\/p>\n<p><\/p>\n<p class=\"paragraph\">Fuentes oficiales consultadas por este medio destacaron que la modalidad delictiva fue la de una <b>entradera:<\/b> <b>\u201cEntraron, le robaron algunos elementos y lo golpearon\u201d<\/b>.<\/p>\n","protected":false},"excerpt":{"rendered":"<p>Ocurri\u00f3 en la localidad santafesina de P\u00e9rez. Miguel El\u00edas Hemadi, de 59 a\u00f1os, ya hab\u00eda sido v\u00edctima de otro asalto hace una semana No era la primera vez que le robaban y ese no fue un dato menor para los investigadores del crimen de Miguel El\u00edas Hemadi, un transportista de 59 a\u00f1os que fue asesinado [&hellip;]<\/p>\n","protected":false},"author":2,"featured_media":57775,"comment_status":"","ping_status":"","sticky":false,"template":"","format":"standard","meta":{"footnotes":""},"categories":[12],"tags":[],"_links":{"self":[{"href":"https:\/\/maxradio923.com.ar\/index.php\/wp-json\/wp\/v2\/posts\/57774"}],"collection":[{"href":"https:\/\/maxradio923.com.ar\/index.php\/wp-json\/wp\/v2\/posts"}],"about":[{"href":"https:\/\/maxradio923.com.ar\/index.php\/wp-json\/wp\/v2\/types\/post"}],"author":[{"embeddable":true,"href":"https:\/\/maxradio923.com.ar\/index.php\/wp-json\/wp\/v2\/users\/2"}],"replies":[{"embeddable":true,"href":"https:\/\/maxradio923.com.ar\/index.php\/wp-json\/wp\/v2\/comments?post=57774"}],"version-history":[{"count":0,"href":"https:\/\/maxradio923.com.ar\/index.php\/wp-json\/wp\/v2\/posts\/57774\/revisions"}],"wp:featuredmedia":[{"embeddable":true,"href":"https:\/\/maxradio923.com.ar\/index.php\/wp-json\/wp\/v2\/media\/57775"}],"wp:attachment":[{"href":"https:\/\/maxradio923.com.ar\/index.php\/wp-json\/wp\/v2\/media?parent=57774"}],"wp:term":[{"taxonomy":"category","embeddable":true,"href":"https:\/\/maxradio923.com.ar\/index.php\/wp-json\/wp\/v2\/categories?post=57774"},{"taxonomy":"post_tag","embeddable":true,"href":"https:\/\/maxradio923.com.ar\/index.php\/wp-json\/wp\/v2\/tags?post=57774"}],"curies":[{"name":"wp","href":"https:\/\/api.w.org\/{rel}","templated":true}]}}