{"id":57770,"date":"2025-11-09T17:19:03","date_gmt":"2025-11-09T20:19:03","guid":{"rendered":"https:\/\/maxradio923.com.ar\/index.php\/2025\/11\/09\/de-taylor-swift-a-dua-lipa-cual-es-la-prenda-que-se-convirtio-en-un-icono-fashionista-de-la-moda-pop\/"},"modified":"2025-11-09T17:19:03","modified_gmt":"2025-11-09T20:19:03","slug":"de-taylor-swift-a-dua-lipa-cual-es-la-prenda-que-se-convirtio-en-un-icono-fashionista-de-la-moda-pop","status":"publish","type":"post","link":"https:\/\/maxradio923.com.ar\/index.php\/2025\/11\/09\/de-taylor-swift-a-dua-lipa-cual-es-la-prenda-que-se-convirtio-en-un-icono-fashionista-de-la-moda-pop\/","title":{"rendered":"De Taylor Swift a Dua Lipa: cu\u00e1l es la prenda que se convirti\u00f3 en un \u00edcono fashionista de la moda pop"},"content":{"rendered":"<p><\/p>\n<h2 class=\"article-subheadline text_align_left\">Esta pieza se consolid\u00f3 en los atuendos de las principales referentes musicales. Los looks<\/h2>\n<p><\/p>\n<p class=\"paragraph\"><b>Taylor Swift<\/b>, <b>Sabrina Carpenter<\/b> y <b>Dua Lipa<\/b> lideran la tendencia del bodi en los grandes eventos del pop, al integrarlo en sus atuendos y generar un efecto inmediato entre sus seguidores y en la <b>moda internacional<\/b>. <\/p>\n<p><\/p>\n<p class=\"paragraph\">Sobre el escenario, Dua Lipa eligi\u00f3 un bodi con cors\u00e9 satinado color crema con paneles verticales, costuras visibles y tirantes anchos. Este look se distingui\u00f3 por un espectacular despliegue de plumas blancas que formaron un semic\u00edrculo envolvente detr\u00e1s de la artista, y crearon <b>una silueta escult\u00f3rica<\/b> que capt\u00f3 la atenci\u00f3n. <\/p>\n<p><\/p>\n<p class=\"paragraph\">La artista, que <b>se presentar\u00e1 en Argentina, en el Estadio Monumental en 7 y 8 de noviembre<\/b>, se encontraba bajo una iluminaci\u00f3n c\u00e1lida que resaltaba los reflejos dorados y met\u00e1licos del atuendo. <\/p>\n<p><\/p>\n<p class=\"paragraph\">En otra presentaci\u00f3n, durante la final de la <b>Champions League de 2018<\/b>, apost\u00f3 por el impacto crom\u00e1tico y los acabados reflectantes. <\/p>\n<p><\/p>\n<p class=\"paragraph\">Rodeada de grandes flores amarillas, llev\u00f3 un bodi de tejido iridiscente con reflejos plateados y azules bajo las luces del estadio y combin\u00f3 la prenda con una blusa transl\u00facida de manga larga, decorada con puntos blancos, volantes en el cuello y una solapa frontal amplia que aporta volumen visual. <\/p>\n<p><\/p>\n<p class=\"paragraph\">Las mangas abullonadas con pu\u00f1os ce\u00f1idos sumaron dramatismo y ligereza, mientras el peinado liso y corto de tono oscuro y el maquillaje, con cejas definidas y labios claros, acentuaron la <b>expresividad facial<\/b> de la int\u00e9rprete. <\/p>\n","protected":false},"excerpt":{"rendered":"<p>Esta pieza se consolid\u00f3 en los atuendos de las principales referentes musicales. Los looks Taylor Swift, Sabrina Carpenter y Dua Lipa lideran la tendencia del bodi en los grandes eventos del pop, al integrarlo en sus atuendos y generar un efecto inmediato entre sus seguidores y en la moda internacional. Sobre el escenario, Dua Lipa [&hellip;]<\/p>\n","protected":false},"author":2,"featured_media":57771,"comment_status":"","ping_status":"","sticky":false,"template":"","format":"standard","meta":{"footnotes":""},"categories":[12],"tags":[],"_links":{"self":[{"href":"https:\/\/maxradio923.com.ar\/index.php\/wp-json\/wp\/v2\/posts\/57770"}],"collection":[{"href":"https:\/\/maxradio923.com.ar\/index.php\/wp-json\/wp\/v2\/posts"}],"about":[{"href":"https:\/\/maxradio923.com.ar\/index.php\/wp-json\/wp\/v2\/types\/post"}],"author":[{"embeddable":true,"href":"https:\/\/maxradio923.com.ar\/index.php\/wp-json\/wp\/v2\/users\/2"}],"replies":[{"embeddable":true,"href":"https:\/\/maxradio923.com.ar\/index.php\/wp-json\/wp\/v2\/comments?post=57770"}],"version-history":[{"count":0,"href":"https:\/\/maxradio923.com.ar\/index.php\/wp-json\/wp\/v2\/posts\/57770\/revisions"}],"wp:featuredmedia":[{"embeddable":true,"href":"https:\/\/maxradio923.com.ar\/index.php\/wp-json\/wp\/v2\/media\/57771"}],"wp:attachment":[{"href":"https:\/\/maxradio923.com.ar\/index.php\/wp-json\/wp\/v2\/media?parent=57770"}],"wp:term":[{"taxonomy":"category","embeddable":true,"href":"https:\/\/maxradio923.com.ar\/index.php\/wp-json\/wp\/v2\/categories?post=57770"},{"taxonomy":"post_tag","embeddable":true,"href":"https:\/\/maxradio923.com.ar\/index.php\/wp-json\/wp\/v2\/tags?post=57770"}],"curies":[{"name":"wp","href":"https:\/\/api.w.org\/{rel}","templated":true}]}}