{"id":57695,"date":"2025-11-09T09:23:03","date_gmt":"2025-11-09T12:23:03","guid":{"rendered":"https:\/\/maxradio923.com.ar\/index.php\/2025\/11\/09\/fracno-colapinto-largara-desde-el-puesto-18-el-gran-premio-de-brasil-de-la-formula-1-todo-lo-que-hay-que-saber\/"},"modified":"2025-11-09T09:23:03","modified_gmt":"2025-11-09T12:23:03","slug":"fracno-colapinto-largara-desde-el-puesto-18-el-gran-premio-de-brasil-de-la-formula-1-todo-lo-que-hay-que-saber","status":"publish","type":"post","link":"https:\/\/maxradio923.com.ar\/index.php\/2025\/11\/09\/fracno-colapinto-largara-desde-el-puesto-18-el-gran-premio-de-brasil-de-la-formula-1-todo-lo-que-hay-que-saber\/","title":{"rendered":"Fracno Colapinto largar\u00e1 desde el puesto 18 el Gran Premio de Brasil de la F\u00f3rmula 1: todo lo que hay que saber"},"content":{"rendered":"<p><\/p>\n<div style=\"grid-area:content-0\">\n<p class=\"paragraph\"><b>Detalles del GP de Brasil y el circuito de Interlagos<\/b>:<\/p>\n<\/div>\n<div style=\"grid-area:content-1\">\n<p class=\"paragraph\">Ser\u00e1 la 51\u00b0 edici\u00f3n del GP de Brasil en la F1. Con una longitud de poco m\u00e1s de 4 kil\u00f3metros (4.309 metros), el trazado cuenta con dos zonas de DRS, 15 curvas y dos recta de alta velocidad. La vuelta r\u00e1pida en carrera le pertenece a <b>Valtteri Bottas<\/b> (2018) con un tiempo de 1:10.540. El a\u00f1o pasado, <b>Max Verstappen<\/b> celebr\u00f3 bajo una intensa lluvia. El m\u00e1s ganador en el circuito es <b>Alain Prost<\/b> (6).<\/p>\n<\/div>\n<p><script defer=\"\">try{!function(f,b,e,v,n,t,s) {if(f.fbq)return;n=f.fbq=function(){n.callMethod? n.callMethod.apply(n,arguments):n.queue.push(arguments)}; if(!f._fbq)f._fbq=n;n.push=n;n.loaded=!0;n.version='2.0'; n.queue=[];t=b.createElement(e);t.async=!0; t.src=v;s=b.getElementsByTagName(e)[0]; s.parentNode.insertBefore(t,s)}(window, document,'script', ' fbq('init', '336383993555320'); fbq('track', 'PageView'); fbq('track', 'ViewContent');}catch(error){console.log(\"Error al inicializar facebookPixelRawCodeScript:\",error);}<\/script><\/p>\n","protected":false},"excerpt":{"rendered":"<p>Detalles del GP de Brasil y el circuito de Interlagos: Ser\u00e1 la 51\u00b0 edici\u00f3n del GP de Brasil en la F1. Con una longitud de poco m\u00e1s de 4 kil\u00f3metros (4.309 metros), el trazado cuenta con dos zonas de DRS, 15 curvas y dos recta de alta velocidad. La vuelta r\u00e1pida en carrera le pertenece [&hellip;]<\/p>\n","protected":false},"author":2,"featured_media":57696,"comment_status":"","ping_status":"","sticky":false,"template":"","format":"standard","meta":{"footnotes":""},"categories":[2],"tags":[],"_links":{"self":[{"href":"https:\/\/maxradio923.com.ar\/index.php\/wp-json\/wp\/v2\/posts\/57695"}],"collection":[{"href":"https:\/\/maxradio923.com.ar\/index.php\/wp-json\/wp\/v2\/posts"}],"about":[{"href":"https:\/\/maxradio923.com.ar\/index.php\/wp-json\/wp\/v2\/types\/post"}],"author":[{"embeddable":true,"href":"https:\/\/maxradio923.com.ar\/index.php\/wp-json\/wp\/v2\/users\/2"}],"replies":[{"embeddable":true,"href":"https:\/\/maxradio923.com.ar\/index.php\/wp-json\/wp\/v2\/comments?post=57695"}],"version-history":[{"count":0,"href":"https:\/\/maxradio923.com.ar\/index.php\/wp-json\/wp\/v2\/posts\/57695\/revisions"}],"wp:featuredmedia":[{"embeddable":true,"href":"https:\/\/maxradio923.com.ar\/index.php\/wp-json\/wp\/v2\/media\/57696"}],"wp:attachment":[{"href":"https:\/\/maxradio923.com.ar\/index.php\/wp-json\/wp\/v2\/media?parent=57695"}],"wp:term":[{"taxonomy":"category","embeddable":true,"href":"https:\/\/maxradio923.com.ar\/index.php\/wp-json\/wp\/v2\/categories?post=57695"},{"taxonomy":"post_tag","embeddable":true,"href":"https:\/\/maxradio923.com.ar\/index.php\/wp-json\/wp\/v2\/tags?post=57695"}],"curies":[{"name":"wp","href":"https:\/\/api.w.org\/{rel}","templated":true}]}}