{"id":57693,"date":"2025-11-09T09:19:02","date_gmt":"2025-11-09T12:19:02","guid":{"rendered":"https:\/\/maxradio923.com.ar\/index.php\/2025\/11\/09\/el-gol-imposible-de-una-figura-del-futbol-que-recorre-el-mundo-y-podria-ser-uno-de-los-mejores-del-ano\/"},"modified":"2025-11-09T09:19:02","modified_gmt":"2025-11-09T12:19:02","slug":"el-gol-imposible-de-una-figura-del-futbol-que-recorre-el-mundo-y-podria-ser-uno-de-los-mejores-del-ano","status":"publish","type":"post","link":"https:\/\/maxradio923.com.ar\/index.php\/2025\/11\/09\/el-gol-imposible-de-una-figura-del-futbol-que-recorre-el-mundo-y-podria-ser-uno-de-los-mejores-del-ano\/","title":{"rendered":"El gol imposible de una figura del f\u00fatbol que recorre el mundo y podr\u00eda ser uno de los mejores del a\u00f1o"},"content":{"rendered":"<p><\/p>\n<h2 class=\"article-subheadline text_align_left\">El colombiano Luis D\u00edaz convirti\u00f3 un tanto  que dio de qu\u00e9 hablar en el empate 2-2 del Bayern M\u00fanich frente al Uni\u00f3n Berl\u00edn<\/h2>\n<p><\/p>\n<p class=\"paragraph\">Un gol de <b>Luis D\u00edaz, <\/b>considerado <b>\u201cabsolutamente incre\u00edble\u201d<\/b> por la prensa alemana<b>, <\/b>permiti\u00f3 al <b>Bayern M\u00fanich <\/b>empatar temporalmente en su visita al <b>Union Berl\u00edn, <\/b>en un partido correspondiente a la d\u00e9cima jornada de la Bundesliga. El tanto, que ya circula en las redes como candidato a los premios Pusk\u00e1s de la FIFA, fue elogiado por medios locales como <i>Bild<\/i> y provoc\u00f3 reacciones dentro y fuera de Alemania.<\/p>\n<p><\/p>\n<p class=\"paragraph\">La anotaci\u00f3n del colombiano, <b>el sexto para \u00e9l <\/b>en la presente edici\u00f3n de la Bundesliga <b>y el d\u00e9cimo s\u00e9ptimo en toda la temporada<\/b>, lleg\u00f3 tras una jugada que comenz\u00f3 con D\u00edaz lanz\u00e1ndose para salvar la posesi\u00f3n cerca de la l\u00ednea de fondo. Despu\u00e9s de controlar la pelota y dejar atr\u00e1s a su rival, defini\u00f3 con el interior del pie, apuntando a la escuadra contraria<b> desde un \u00e1ngulo muy cerrado<\/b>. La reacci\u00f3n de la prensa internacional no se hizo esperar; el tanto fue r\u00e1pidamente destacado como uno de los m\u00e1s espectaculares de la campa\u00f1a y posible contender a los m\u00e1ximos honores individuales, que en los \u00faltimos a\u00f1os recibieron figuras como<b> Cristiano Ronaldo, Neymar o Zlatan Ibrahimovic.<\/b><\/p>\n<p><\/p>\n<p class=\"paragraph\">El marcador se hab\u00eda puesto en contra del <b>Bayern<\/b> en el minuto 27 con gol de <b>Danilho Doekhi<\/b>, tras una jugada de bal\u00f3n parado. El club b\u00e1varo no hab\u00eda logrado rematar al arco hasta pasados treinta minutos, en un hecho in\u00e9dito para la plantilla en la presente edici\u00f3n de la Bundesliga, donde <b>nunca antes hab\u00eda estado m\u00e1s de un cuarto de hora sin buscar el arco rival<\/b>. El empate parcial de D\u00edaz lleg\u00f3 minutos despu\u00e9s, en la primera llegada clara para el conjunto muniqu\u00e9s.<\/p>\n<p><\/p>\n<p class=\"paragraph\">Pese a la calidad de la acci\u00f3n individual de D\u00edaz, el resultado no fue el esperado para el club. Tras la culminaci\u00f3n del encuentro, el colombiano expres\u00f3 en sus redes sociales: <b>\u201cNo es el resultado que quer\u00edamos, pero nunca dejamos de darlo todo\u201d.<\/b><\/p>\n<p><\/p>\n<p class=\"paragraph\">El partido mostr\u00f3 pasajes de supremac\u00eda del equipo de <b>Berl\u00edn<\/b>, que abri\u00f3 el marcador en <b>una jugada anulada por el VAR al minuto 9 <\/b>por fuera de juego, y tom\u00f3 la ventaja en otra jugada desde un c\u00f3rner. Durante la primera parte el Bayern respondi\u00f3 aumentando la presi\u00f3n y logr\u00f3 avances progresivos hacia el \u00e1rea contraria. En ese proceso, D\u00edaz no solo empat\u00f3 sino que dispuso de otra ocasi\u00f3n de gol, tras un pase de <b>Harry Kane<\/b>, que no pudo convertir frente al portero <b>Frederik R\u00f6nnow<\/b>.<\/p>\n<p><\/p>\n<p class=\"paragraph\">En la segunda mitad, el dominio de bal\u00f3n volvi\u00f3 al Bayern, pero una nueva aparici\u00f3n de Doekhi tras un saque de falta al minuto 83 volvi\u00f3 a adelantar al Union Berl\u00edn. Kompany opt\u00f3 por modificar su planteo t\u00e1ctico, retir\u00f3 al defensa <b>Josip Stasinic<\/b> e incorpor\u00f3 al delantero <b>Nicholas Jackson<\/b> en busca de alternativas ofensivas. Finalmente, en la recta final, un centro de <b>Tom Bishof<\/b> fue <b>definido por Kane de cabeza para poner el 2-2<\/b> y evitar la primera derrota del Bayern en la actual campa\u00f1a.<\/p>\n","protected":false},"excerpt":{"rendered":"<p>El colombiano Luis D\u00edaz convirti\u00f3 un tanto que dio de qu\u00e9 hablar en el empate 2-2 del Bayern M\u00fanich frente al Uni\u00f3n Berl\u00edn Un gol de Luis D\u00edaz, considerado \u201cabsolutamente incre\u00edble\u201d por la prensa alemana, permiti\u00f3 al Bayern M\u00fanich empatar temporalmente en su visita al Union Berl\u00edn, en un partido correspondiente a la d\u00e9cima jornada [&hellip;]<\/p>\n","protected":false},"author":2,"featured_media":57694,"comment_status":"","ping_status":"","sticky":false,"template":"","format":"standard","meta":{"footnotes":""},"categories":[12],"tags":[],"_links":{"self":[{"href":"https:\/\/maxradio923.com.ar\/index.php\/wp-json\/wp\/v2\/posts\/57693"}],"collection":[{"href":"https:\/\/maxradio923.com.ar\/index.php\/wp-json\/wp\/v2\/posts"}],"about":[{"href":"https:\/\/maxradio923.com.ar\/index.php\/wp-json\/wp\/v2\/types\/post"}],"author":[{"embeddable":true,"href":"https:\/\/maxradio923.com.ar\/index.php\/wp-json\/wp\/v2\/users\/2"}],"replies":[{"embeddable":true,"href":"https:\/\/maxradio923.com.ar\/index.php\/wp-json\/wp\/v2\/comments?post=57693"}],"version-history":[{"count":0,"href":"https:\/\/maxradio923.com.ar\/index.php\/wp-json\/wp\/v2\/posts\/57693\/revisions"}],"wp:featuredmedia":[{"embeddable":true,"href":"https:\/\/maxradio923.com.ar\/index.php\/wp-json\/wp\/v2\/media\/57694"}],"wp:attachment":[{"href":"https:\/\/maxradio923.com.ar\/index.php\/wp-json\/wp\/v2\/media?parent=57693"}],"wp:term":[{"taxonomy":"category","embeddable":true,"href":"https:\/\/maxradio923.com.ar\/index.php\/wp-json\/wp\/v2\/categories?post=57693"},{"taxonomy":"post_tag","embeddable":true,"href":"https:\/\/maxradio923.com.ar\/index.php\/wp-json\/wp\/v2\/tags?post=57693"}],"curies":[{"name":"wp","href":"https:\/\/api.w.org\/{rel}","templated":true}]}}