{"id":57689,"date":"2025-11-09T08:47:03","date_gmt":"2025-11-09T11:47:03","guid":{"rendered":"https:\/\/maxradio923.com.ar\/index.php\/2025\/11\/09\/tragedia-en-el-barrio-porteno-de-barracas-un-motociclista-de-19-anos-choco-contra-un-arbol-y-murio-en-el-acto\/"},"modified":"2025-11-09T08:47:03","modified_gmt":"2025-11-09T11:47:03","slug":"tragedia-en-el-barrio-porteno-de-barracas-un-motociclista-de-19-anos-choco-contra-un-arbol-y-murio-en-el-acto","status":"publish","type":"post","link":"https:\/\/maxradio923.com.ar\/index.php\/2025\/11\/09\/tragedia-en-el-barrio-porteno-de-barracas-un-motociclista-de-19-anos-choco-contra-un-arbol-y-murio-en-el-acto\/","title":{"rendered":"Tragedia en el barrio porte\u00f1o de Barracas: un motociclista de 19 a\u00f1os choc\u00f3 contra un \u00e1rbol y muri\u00f3 en el acto"},"content":{"rendered":"<p><\/p>\n<h2 class=\"article-subheadline text_align_left\">El siniestro ocurri\u00f3 sobre la calle Herrera al 1500. El joven estaba a cuatro cuadras de su casa<\/h2>\n<p><\/p>\n<p class=\"paragraph\">Un tr\u00e1gico accidente sacudi\u00f3 este domingo por la ma\u00f1ana al barrio porte\u00f1o de <b>Barracas,<\/b> donde un <b>motociclista de 19 a\u00f1os muri\u00f3 tras impactar contra un \u00e1rbol <\/b>en la intersecci\u00f3n de las calles Benito Quinquela Mart\u00edn y Herrera. <\/p>\n<p><\/p>\n<p class=\"paragraph\">Efectivos policiales tambi\u00e9n confirmaron que <b>no hubo otros veh\u00edculos involucrados en el siniestro.<\/b><\/p>\n<p><\/p>\n<p class=\"paragraph\">La v\u00edctima, cuyo nombre no fue difundido oficialmente, <b>estaba a solo cuatro cuadras de su casa <\/b>y se dirig\u00eda hacia all\u00ed cuando ocurri\u00f3 el accidente. Solo trascendi\u00f3 que era de nacionalidad venezolana.<\/p>\n<p><\/p>\n<p class=\"paragraph\">La escena fue especialmente conmovedora: la madre y el hermano del joven llegaron minutos despu\u00e9s y, completamente desconsolados, permanecieron junto al cuerpo en medio de la intervenci\u00f3n policial. <\/p>\n<p><\/p>\n<p class=\"paragraph\">Efectivos de la Polic\u00eda de la Ciudad trabajaban en el lugar junto con el Gabinete de Apoyo Psicol\u00f3gico (GAP), que asist\u00eda a los familiares de la v\u00edctima.<\/p>\n<p><\/p>\n<p class=\"paragraph\">Sobre la calzada pudieron observarse marcas de impacto en dos \u00e1rboles, lo que refuerza la hip\u00f3tesis de que el joven habr\u00eda perdido el control de la moto antes del choque final.<\/p>\n","protected":false},"excerpt":{"rendered":"<p>El siniestro ocurri\u00f3 sobre la calle Herrera al 1500. El joven estaba a cuatro cuadras de su casa Un tr\u00e1gico accidente sacudi\u00f3 este domingo por la ma\u00f1ana al barrio porte\u00f1o de Barracas, donde un motociclista de 19 a\u00f1os muri\u00f3 tras impactar contra un \u00e1rbol en la intersecci\u00f3n de las calles Benito Quinquela Mart\u00edn y Herrera. [&hellip;]<\/p>\n","protected":false},"author":2,"featured_media":57690,"comment_status":"","ping_status":"","sticky":false,"template":"","format":"standard","meta":{"footnotes":""},"categories":[12],"tags":[],"_links":{"self":[{"href":"https:\/\/maxradio923.com.ar\/index.php\/wp-json\/wp\/v2\/posts\/57689"}],"collection":[{"href":"https:\/\/maxradio923.com.ar\/index.php\/wp-json\/wp\/v2\/posts"}],"about":[{"href":"https:\/\/maxradio923.com.ar\/index.php\/wp-json\/wp\/v2\/types\/post"}],"author":[{"embeddable":true,"href":"https:\/\/maxradio923.com.ar\/index.php\/wp-json\/wp\/v2\/users\/2"}],"replies":[{"embeddable":true,"href":"https:\/\/maxradio923.com.ar\/index.php\/wp-json\/wp\/v2\/comments?post=57689"}],"version-history":[{"count":0,"href":"https:\/\/maxradio923.com.ar\/index.php\/wp-json\/wp\/v2\/posts\/57689\/revisions"}],"wp:featuredmedia":[{"embeddable":true,"href":"https:\/\/maxradio923.com.ar\/index.php\/wp-json\/wp\/v2\/media\/57690"}],"wp:attachment":[{"href":"https:\/\/maxradio923.com.ar\/index.php\/wp-json\/wp\/v2\/media?parent=57689"}],"wp:term":[{"taxonomy":"category","embeddable":true,"href":"https:\/\/maxradio923.com.ar\/index.php\/wp-json\/wp\/v2\/categories?post=57689"},{"taxonomy":"post_tag","embeddable":true,"href":"https:\/\/maxradio923.com.ar\/index.php\/wp-json\/wp\/v2\/tags?post=57689"}],"curies":[{"name":"wp","href":"https:\/\/api.w.org\/{rel}","templated":true}]}}