{"id":57687,"date":"2025-11-09T08:40:16","date_gmt":"2025-11-09T11:40:16","guid":{"rendered":"https:\/\/maxradio923.com.ar\/index.php\/2025\/11\/09\/le-gano-a-pete-sampras-entreno-a-figuras-del-tenis-y-tiene-tres-hijas-en-el-circuito-mi-deseo-era-compartir-algo-con-ellas\/"},"modified":"2025-11-09T08:40:16","modified_gmt":"2025-11-09T11:40:16","slug":"le-gano-a-pete-sampras-entreno-a-figuras-del-tenis-y-tiene-tres-hijas-en-el-circuito-mi-deseo-era-compartir-algo-con-ellas","status":"publish","type":"post","link":"https:\/\/maxradio923.com.ar\/index.php\/2025\/11\/09\/le-gano-a-pete-sampras-entreno-a-figuras-del-tenis-y-tiene-tres-hijas-en-el-circuito-mi-deseo-era-compartir-algo-con-ellas\/","title":{"rendered":"Le gan\u00f3 a Pete Sampras, entren\u00f3 a figuras del tenis y tiene tres hijas en el circuito: \u201cMi deseo era compartir algo con ellas\u201d"},"content":{"rendered":"<p><\/p>\n<div>\n<div class=\"visual__image image-initial-width\"><picture><source srcset=\"https:\/\/www.infobae.com\/resizer\/v2\/DVLIXHR6YBEK7CJ4EJCQDDLIWQ.png?auth=a5ecb977fa585cced540dee08b83979525bafc76920e002c217bef04b0f013bb&amp;smart=true&amp;width=992&amp;height=558&amp;quality=85\" media=\"(min-width: 1000px)\"\/><source srcset=\"https:\/\/www.infobae.com\/resizer\/v2\/DVLIXHR6YBEK7CJ4EJCQDDLIWQ.png?auth=a5ecb977fa585cced540dee08b83979525bafc76920e002c217bef04b0f013bb&amp;smart=true&amp;width=768&amp;height=432&amp;quality=85\" media=\"(min-width: 768px)\"\/><source srcset=\"https:\/\/www.infobae.com\/resizer\/v2\/DVLIXHR6YBEK7CJ4EJCQDDLIWQ.png?auth=a5ecb977fa585cced540dee08b83979525bafc76920e002c217bef04b0f013bb&amp;smart=true&amp;width=577&amp;height=325&amp;quality=85\" media=\"(min-width: 580px)\"\/><source srcset=\"https:\/\/www.infobae.com\/resizer\/v2\/DVLIXHR6YBEK7CJ4EJCQDDLIWQ.png?auth=a5ecb977fa585cced540dee08b83979525bafc76920e002c217bef04b0f013bb&amp;smart=true&amp;width=420&amp;height=236&amp;quality=85\" media=\"(min-width: 350px)\"\/><source srcset=\"https:\/\/www.infobae.com\/resizer\/v2\/DVLIXHR6YBEK7CJ4EJCQDDLIWQ.png?auth=a5ecb977fa585cced540dee08b83979525bafc76920e002c217bef04b0f013bb&amp;smart=true&amp;width=350&amp;height=197&amp;quality=85\" media=\"(min-width: 80px)\"\/><img alt=\"Markus y sus tres herederas:\" class=\"global-image\" decoding=\"async\" fetchpriority=\"high\" height=\"1080\" loading=\"eager\" src=\"https:\/\/www.infobae.com\/resizer\/v2\/DVLIXHR6YBEK7CJ4EJCQDDLIWQ.png?auth=a5ecb977fa585cced540dee08b83979525bafc76920e002c217bef04b0f013bb&amp;smart=true&amp;width=350&amp;height=197&amp;quality=85\" width=\"1920\"\/><\/picture><figcaption class=\"article-figcaption-img\">Markus y sus tres herederas: Katja (20), Carla (19) y Camila (16) (Fuente: @gabriel_markus)<\/figcaption><\/div>\n<p class=\"paragraph\">Hay carreras que se estiran m\u00e1s de lo que deber\u00edan. Otras concluyen en el momento justo. Y est\u00e1n aquellas, silenciosas, que no llegan a encontrar su final: se disuelven por fuerzas externas, ajenas al deseo. <b>Gabriel Markus<\/b> naci\u00f3 el 31 de marzo de 1970, en<b> Buenos Aires<\/b>, en una \u00e9poca en que el tenis comenzaba a ganar popularidad en<b> <\/b>el pa\u00eds. Con apenas 18 a\u00f1os, 5 meses y 19 d\u00edas, realiz\u00f3 su estreno absoluto en el circuito. Casi ocho temporadas despu\u00e9s, puso punto final a su etapa como jugador profesional, tras atravesar un verdadero infierno con las lesiones.<\/p>\n<p class=\"paragraph\">Si bien Markus alcanz\u00f3 el <b>puesto 36\u00b0 del ranking ATP<\/b>, integr\u00f3 la <b>Selecci\u00f3n Argentina de Copa Davis<\/b> y levant\u00f3 un t\u00edtulo <b>-en Niza 1992-<\/b>, su nombre qued\u00f3 grabado por una haza\u00f1a: vencer a la leyenda estadounidense<b> Pete Sampras <\/b>en las semifinales de aquel certamen, convirti\u00e9ndose as\u00ed en el \u00fanico argentino en lograrlo. Antes tambi\u00e9n hab\u00eda derrotado a su \u00eddolo, a quien admiraba desde peque\u00f1o: el checo<b> Iv\u00e1n Lendl<\/b>.<\/p>\n<p class=\"paragraph\">Durante la edici\u00f3n 1994 de <b>Roland Garros<\/b> -torneo que marcaba su regreso tras una serie de molestias f\u00edsicas-, Markus sufri\u00f3 la rotura de los ligamentos de su rodilla. Desde entonces, su carrera comenz\u00f3 a desvanecerse lentamente hasta apagarse por completo en noviembre de 1996, cuando <b>decidi\u00f3 retirarse con apenas 26 a\u00f1os.<\/b><\/p>\n<p class=\"paragraph\">\u201cCreo que ning\u00fan deportista, <b>ning\u00fan tenista, vivi\u00f3 lo que yo viv\u00ed con mi cuerpo. <\/b>Fueron pr\u00e1cticamente cinco o seis a\u00f1os de rehabilitaci\u00f3n constante. Tuve ocho cirug\u00edas en la rodilla izquierda y una en la derecha. Recorr\u00ed el mundo buscando soluciones\u201d, le cuenta a <b>Infobae<\/b>.<\/p>\n<p class=\"paragraph\">Y profundiza: \u201cHice todo lo que humanamente pod\u00eda hacer, con la medicina tradicional y la no tradicional. Fueron seis a\u00f1os de trabajar 10 o 15 horas por d\u00eda, de gastar absolutamente todo lo que ten\u00eda para poder recuperar mi rodilla, cosa que no logr\u00e9, lamentablemente. Y, a pesar de todo eso, creo que, por m\u00e1s que mi carrera haya durado muy poco tiempo, fue muy intensa y fue buena\u201d.<\/p>\n<p class=\"paragraph\">Luego de su retiro, Markus no se alej\u00f3 del deporte blanco. Asumi\u00f3 un nuevo desaf\u00edo: el de formar y acompa\u00f1ar a otros. En su rol de entrenador, trabaj\u00f3 junto a varios nombres destacados del tenis argentino: <b>Guillermo Coria, David Nalbandian, Agust\u00edn Calleri, Franco Squillari, Juan Ignacio Chela y Jos\u00e9 Acasuso.<\/b> Su experiencia tambi\u00e9n trascendi\u00f3 fronteras: entre sus dirigidos figuraron jugadores del calibre del ruso <b>Marat Safin<\/b>, ex n\u00famero uno del mundo, y el franc\u00e9s <b>Richard Gasquet<\/b>.<\/p>\n<div class=\"visual__image\"><picture><source srcset=\"https:\/\/www.infobae.com\/resizer\/v2\/YO2GN5PGVJE7JJUQ2ZBUXH6WFQ.png?auth=c2be3c75a025debd0c4956015ac78fa008dd50261848142c567dce3803108b21&amp;smart=true&amp;width=992&amp;height=558&amp;quality=85\" media=\"(min-width: 1000px)\"\/><source srcset=\"https:\/\/www.infobae.com\/resizer\/v2\/YO2GN5PGVJE7JJUQ2ZBUXH6WFQ.png?auth=c2be3c75a025debd0c4956015ac78fa008dd50261848142c567dce3803108b21&amp;smart=true&amp;width=768&amp;height=432&amp;quality=85\" media=\"(min-width: 768px)\"\/><source srcset=\"https:\/\/www.infobae.com\/resizer\/v2\/YO2GN5PGVJE7JJUQ2ZBUXH6WFQ.png?auth=c2be3c75a025debd0c4956015ac78fa008dd50261848142c567dce3803108b21&amp;smart=true&amp;width=577&amp;height=325&amp;quality=85\" media=\"(min-width: 580px)\"\/><source srcset=\"https:\/\/www.infobae.com\/resizer\/v2\/YO2GN5PGVJE7JJUQ2ZBUXH6WFQ.png?auth=c2be3c75a025debd0c4956015ac78fa008dd50261848142c567dce3803108b21&amp;smart=true&amp;width=420&amp;height=236&amp;quality=85\" media=\"(min-width: 350px)\"\/><source srcset=\"https:\/\/www.infobae.com\/resizer\/v2\/YO2GN5PGVJE7JJUQ2ZBUXH6WFQ.png?auth=c2be3c75a025debd0c4956015ac78fa008dd50261848142c567dce3803108b21&amp;smart=true&amp;width=350&amp;height=197&amp;quality=85\" media=\"(min-width: 80px)\"\/><img alt=\"\u201cNunca imagin\u00e9 que iban a\" class=\"global-image\" decoding=\"async\" fetchpriority=\"low\" height=\"1080\" loading=\"lazy\" src=\"https:\/\/www.infobae.com\/resizer\/v2\/YO2GN5PGVJE7JJUQ2ZBUXH6WFQ.png?auth=c2be3c75a025debd0c4956015ac78fa008dd50261848142c567dce3803108b21&amp;smart=true&amp;width=350&amp;height=197&amp;quality=85\" width=\"1920\"\/><\/picture><figcaption class=\"article-figcaption-img\">\u201cNunca imagin\u00e9 que iban a competir internacionalmente&#8221;, dijo Markus sobre sus hijas (Fuente: @gabriel_markus)<\/figcaption><\/div>\n<p class=\"paragraph\"><b>Gabriel tuvo tres hijas -Katja, Carla y Camila-<\/b> que hoy compiten a nivel profesional, aunque -seg\u00fan cuenta- al principio ninguna quer\u00eda ser tenista. \u201cLa realidad es que siempre practicaron otros deportes. Mi \u00fanico deseo era que supieran jugar lo suficiente<b> como para compartir algo con ellas. <\/b>Esa fue mi ilusi\u00f3n desde que nacieron: poder jugar un fin de semana, hacer algo divertido juntos\u201d, evoca.<\/p>\n<p class=\"paragraph\">\u201cDe chicas hac\u00edan equitaci\u00f3n \u2014llegaron a competir a nivel internacional\u2014, gimnasia art\u00edstica y gimnasia deportiva en el Cenard. El tenis lo practicaban apenas una vez por semana, en una escuelita. <b>Con el tiempo empezaron a querer jugar m\u00e1s<\/b>, y me acompa\u00f1aban bastante a los torneos, mientras yo viajaba con jugadores. En cierta forma, <b>nacieron dentro de la sala de jugadores de los grandes torneos<\/b>: ve\u00edan raquetas, pelotas, jugadores. Poco a poco fueron eligiendo jugar m\u00e1s d\u00edas, hasta que lleg\u00f3 un punto en que era imposible hacer todo, adem\u00e1s de estudiar. En alg\u00fan momento hubo que decidir\u201d, explica.<\/p>\n<p class=\"paragraph\">Durante varios a\u00f1os, Markus no las entren\u00f3: viajaba constantemente con jugadores profesionales y las ve\u00eda poco. Sin embargo, tras la pandemia sinti\u00f3 la necesidad de compartir m\u00e1s tiempo con ellas. <b>\u201cNo transmitirles lo que aprend\u00ed hubiera sido una l\u00e1stima\u201d<\/b>, reconoce.<\/p>\n<p class=\"paragraph\">Para Gabriel, combinar los roles de padre y entrenador representa un desaf\u00edo: \u201cA m\u00ed, sinceramente, me gusta, y creo que ellas la pasan bien tambi\u00e9n. A veces <b>no es f\u00e1cil saber cu\u00e1l es el l\u00edmite entre padre y entrenador<\/b>, pero trato de cumplir ambos roles de la mejor manera. Como entrenador, dar lo mejor que puedo, esperando que acepten lo que les digo -lo cual no siempre es f\u00e1cil-; y como padre, estar muy presente todo el tiempo, en todo lo que necesiten y en todas las actividades que tienen\u201d.<\/p>\n<div class=\"visual__image\"><picture><source srcset=\"https:\/\/www.infobae.com\/resizer\/v2\/PPWRQT256ZFTHGCN7TRW26LVJ4.png?auth=d8283d5a3d312241781aa8534d5f6ffea999d1ec421af0ed5f22a0c870cfba85&amp;smart=true&amp;width=992&amp;height=558&amp;quality=85\" media=\"(min-width: 1000px)\"\/><source srcset=\"https:\/\/www.infobae.com\/resizer\/v2\/PPWRQT256ZFTHGCN7TRW26LVJ4.png?auth=d8283d5a3d312241781aa8534d5f6ffea999d1ec421af0ed5f22a0c870cfba85&amp;smart=true&amp;width=768&amp;height=432&amp;quality=85\" media=\"(min-width: 768px)\"\/><source srcset=\"https:\/\/www.infobae.com\/resizer\/v2\/PPWRQT256ZFTHGCN7TRW26LVJ4.png?auth=d8283d5a3d312241781aa8534d5f6ffea999d1ec421af0ed5f22a0c870cfba85&amp;smart=true&amp;width=577&amp;height=325&amp;quality=85\" media=\"(min-width: 580px)\"\/><source srcset=\"https:\/\/www.infobae.com\/resizer\/v2\/PPWRQT256ZFTHGCN7TRW26LVJ4.png?auth=d8283d5a3d312241781aa8534d5f6ffea999d1ec421af0ed5f22a0c870cfba85&amp;smart=true&amp;width=420&amp;height=236&amp;quality=85\" media=\"(min-width: 350px)\"\/><source srcset=\"https:\/\/www.infobae.com\/resizer\/v2\/PPWRQT256ZFTHGCN7TRW26LVJ4.png?auth=d8283d5a3d312241781aa8534d5f6ffea999d1ec421af0ed5f22a0c870cfba85&amp;smart=true&amp;width=350&amp;height=197&amp;quality=85\" media=\"(min-width: 80px)\"\/><img alt=\"&quot;Trato de ser bastante equitativo\" class=\"global-image\" decoding=\"async\" fetchpriority=\"low\" height=\"1080\" loading=\"lazy\" src=\"https:\/\/www.infobae.com\/resizer\/v2\/PPWRQT256ZFTHGCN7TRW26LVJ4.png?auth=d8283d5a3d312241781aa8534d5f6ffea999d1ec421af0ed5f22a0c870cfba85&amp;smart=true&amp;width=350&amp;height=197&amp;quality=85\" width=\"1920\"\/><\/picture><figcaption class=\"article-figcaption-img\">&#8220;Trato de ser bastante equitativo con todas&#8221;, dijo (Fuente: gabriel_markus)<\/figcaption><\/div>\n<p class=\"paragraph\">En ese trayecto, sostener la din\u00e1mica familiar es una misi\u00f3n adicional. \u201cS\u00e9 que no puedo hacer siempre lo mejor para ellas. <b>Siempre hay alguna que queda sola o que no va a un determinado torneo<\/b>, aunque sea importante, porque no tengo con qui\u00e9n mandarlas. No es f\u00e1cil con tres hijas que compiten al mismo tiempo\u201d, se\u00f1ala.<\/p>\n<p class=\"paragraph\">Y ampl\u00eda: <b>\u201cTrato de ser bastante equitativo con todas:<\/b> si podemos estar juntos, estamos, y si no, bueno, algunas semanas voy con una y otras semanas con otra. A veces mi se\u00f1ora me puede ayudar y acompa\u00f1arlas, y si no, alguna que otra vez viajan completamente solas, como en el caso de Carla en Colombia\u201d.<\/p>\n<p class=\"paragraph\"><b>Katja, la mayor, de 20 a\u00f1os<\/b>, fue la primera en abrirse camino a nivel profesional y sumar sus primeros puntos, aunque hace tres meses decidi\u00f3 emprender una nueva etapa en el tenis universitario: hoy representa a la <b>Nova Southeastern University (NSU)<\/b>, en <b>Fort Lauderdale<\/b>. <\/p>\n<p class=\"paragraph\"><b>Carla, de 19 a\u00f1os y actual<\/b> <b>n\u00famero 605 del ranking mundial<\/b>, est\u00e1 plenamente enfocada en el circuito: este a\u00f1o alcanz\u00f3 una final, dos semifinales y super\u00f3 las qualies de los <b>WTA 125 de Cali y Tucum\u00e1n. <\/b><\/p>\n<p class=\"paragraph\"><b>Camila, la menor, de 16<\/b>, cerr\u00f3 el 2024 como la mejor junior de Sudam\u00e9rica y comienza a adentrarse en la categor\u00eda. <b>\u201cNunca imagin\u00e9 que iban a competir internacionalmente. <\/b>Uno nunca sabe lo que puede pasar, as\u00ed que no quer\u00eda perderme la posibilidad de estar cerca de ellas y disfrutar de sus actividades\u201d, cierra Markus.<\/p>\n<\/div>\n<p><script defer=\"\">try{!function(f,b,e,v,n,t,s) {if(f.fbq)return;n=f.fbq=function(){n.callMethod? n.callMethod.apply(n,arguments):n.queue.push(arguments)}; if(!f._fbq)f._fbq=n;n.push=n;n.loaded=!0;n.version='2.0'; n.queue=[];t=b.createElement(e);t.async=!0; t.src=v;s=b.getElementsByTagName(e)[0]; s.parentNode.insertBefore(t,s)}(window, document,'script', ' fbq('init', '336383993555320'); fbq('track', 'PageView'); fbq('track', 'ViewContent');}catch(error){console.log(\"Error al inicializar facebookPixelRawCodeScript:\",error);}<\/script><\/p>\n","protected":false},"excerpt":{"rendered":"<p>Markus y sus tres herederas: Katja (20), Carla (19) y Camila (16) (Fuente: @gabriel_markus) Hay carreras que se estiran m\u00e1s de lo que deber\u00edan. Otras concluyen en el momento justo. Y est\u00e1n aquellas, silenciosas, que no llegan a encontrar su final: se disuelven por fuerzas externas, ajenas al deseo. Gabriel Markus naci\u00f3 el 31 de [&hellip;]<\/p>\n","protected":false},"author":2,"featured_media":57688,"comment_status":"","ping_status":"","sticky":false,"template":"","format":"standard","meta":{"footnotes":""},"categories":[2],"tags":[],"_links":{"self":[{"href":"https:\/\/maxradio923.com.ar\/index.php\/wp-json\/wp\/v2\/posts\/57687"}],"collection":[{"href":"https:\/\/maxradio923.com.ar\/index.php\/wp-json\/wp\/v2\/posts"}],"about":[{"href":"https:\/\/maxradio923.com.ar\/index.php\/wp-json\/wp\/v2\/types\/post"}],"author":[{"embeddable":true,"href":"https:\/\/maxradio923.com.ar\/index.php\/wp-json\/wp\/v2\/users\/2"}],"replies":[{"embeddable":true,"href":"https:\/\/maxradio923.com.ar\/index.php\/wp-json\/wp\/v2\/comments?post=57687"}],"version-history":[{"count":0,"href":"https:\/\/maxradio923.com.ar\/index.php\/wp-json\/wp\/v2\/posts\/57687\/revisions"}],"wp:featuredmedia":[{"embeddable":true,"href":"https:\/\/maxradio923.com.ar\/index.php\/wp-json\/wp\/v2\/media\/57688"}],"wp:attachment":[{"href":"https:\/\/maxradio923.com.ar\/index.php\/wp-json\/wp\/v2\/media?parent=57687"}],"wp:term":[{"taxonomy":"category","embeddable":true,"href":"https:\/\/maxradio923.com.ar\/index.php\/wp-json\/wp\/v2\/categories?post=57687"},{"taxonomy":"post_tag","embeddable":true,"href":"https:\/\/maxradio923.com.ar\/index.php\/wp-json\/wp\/v2\/tags?post=57687"}],"curies":[{"name":"wp","href":"https:\/\/api.w.org\/{rel}","templated":true}]}}