{"id":57683,"date":"2025-11-09T05:51:03","date_gmt":"2025-11-09T08:51:03","guid":{"rendered":"https:\/\/maxradio923.com.ar\/index.php\/2025\/11\/09\/investigaran-a-agentes-del-servicio-penitenciario-de-santa-cruz-luego-de-que-se-fugara-un-preso-peligroso\/"},"modified":"2025-11-09T05:51:03","modified_gmt":"2025-11-09T08:51:03","slug":"investigaran-a-agentes-del-servicio-penitenciario-de-santa-cruz-luego-de-que-se-fugara-un-preso-peligroso","status":"publish","type":"post","link":"https:\/\/maxradio923.com.ar\/index.php\/2025\/11\/09\/investigaran-a-agentes-del-servicio-penitenciario-de-santa-cruz-luego-de-que-se-fugara-un-preso-peligroso\/","title":{"rendered":"Investigar\u00e1n a agentes del Servicio Penitenciario de Santa Cruz, luego de que se fugara un preso peligroso"},"content":{"rendered":"<p><\/p>\n<h2 class=\"article-subheadline text_align_left\">El detenido se fug\u00f3 el martes 4 de noviembre, pero la alerta no se dio hasta el viernes. Todav\u00eda no se lo pudo recapturar<\/h2>\n<p><\/p>\n<p class=\"paragraph\">El hallazgo de graves irregularidades en los controles internos del <b>Servicio Penitenciario de Santa Cruz<\/b> qued\u00f3 al descubierto tras la reciente fuga de <b>Mat\u00edas Ezequiel Ampuero Mella<\/b>, un interno de 27 a\u00f1os considerado de alta peligrosidad, que logr\u00f3 evadirse de la <b>Unidad Penitenciaria N\u00b0 1 de Pico Truncado<\/b>. <\/p>\n<p><\/p>\n<p class=\"paragraph\">Aparentemente, las autoridades habr\u00edan encontrado inconsistencias en los horarios, los registros y los testimonios relacionados con la fuga, lo que habr\u00eda alimentado las sospechas sobre la actuaci\u00f3n del personal penitenciario.<\/p>\n<p><\/p>\n<h2 class=\"header headline-class-h2\"><span class=\"\" style=\"display:block\">Detuvieron a un pr\u00f3fugo que intentaba cruzar por la frontera de Neuqu\u00e9n a Chile<\/span><\/h2>\n<p><\/p>\n<p class=\"paragraph\">\u201cLa historia y las circunstancias de la fuga no cierran por ning\u00fan lado. Hay contradicciones en los horarios, en los registros y en los testimonios\u201d, remarcaron, tras denunciar que el aviso formal sobre la evasi\u00f3n de Ampuero Mella fue emitido reci\u00e9n el viernes por la tarde, cuando el interno ya llevaba varios d\u00edas fuera del establecimiento.<\/p>\n<p><\/p>\n<p class=\"paragraph\">En respuesta, la <b>Polic\u00eda de Santa Cruz<\/b> despleg\u00f3 un operativo de b\u00fasqueda en la regi\u00f3n norte de la provincia, por medio de la implementaci\u00f3n de controles en rutas, terminales y accesos a localidades cercanas. Dada la peligrosidad atribuida al pr\u00f3fugo, las autoridades solicitaron a la poblaci\u00f3n que no brinde asistencia ni traslade a personas desconocidas que soliciten viajar \u201ca dedo\u201d.<\/p>\n<p><\/p>\n<p class=\"paragraph\">La detenci\u00f3n de <b>Marcelo Fernando Mart\u00ednez Alarc\u00f3n<\/b>, un hombre buscado por estafas en <b>Buenos Aires<\/b> y con pedido de captura internacional, se concret\u00f3 en <b>Las Lajas<\/b> cuando intentaba cruzar hacia <b>Chile<\/b> desde la provincia de <b>Neuqu\u00e9n<\/b>.<\/p>\n<p><\/p>\n<p class=\"paragraph\">La intervenci\u00f3n policial se desencaden\u00f3 tras la alerta de una vecina, quien inform\u00f3 a las autoridades sobre la presencia del pr\u00f3fugo en uno de sus departamentos de alquiler en la Villa Rural La Buitrera, seg\u00fan comunic\u00f3 el Gobierno neuquino. El operativo tuvo lugar el martes, cuando personal de la Comisar\u00eda 27\u00b0 acudi\u00f3 al lugar y verific\u00f3 que el individuo coincid\u00eda con la descripci\u00f3n del fugitivo.<\/p>\n","protected":false},"excerpt":{"rendered":"<p>El detenido se fug\u00f3 el martes 4 de noviembre, pero la alerta no se dio hasta el viernes. Todav\u00eda no se lo pudo recapturar El hallazgo de graves irregularidades en los controles internos del Servicio Penitenciario de Santa Cruz qued\u00f3 al descubierto tras la reciente fuga de Mat\u00edas Ezequiel Ampuero Mella, un interno de 27 [&hellip;]<\/p>\n","protected":false},"author":2,"featured_media":57684,"comment_status":"","ping_status":"","sticky":false,"template":"","format":"standard","meta":{"footnotes":""},"categories":[12],"tags":[],"_links":{"self":[{"href":"https:\/\/maxradio923.com.ar\/index.php\/wp-json\/wp\/v2\/posts\/57683"}],"collection":[{"href":"https:\/\/maxradio923.com.ar\/index.php\/wp-json\/wp\/v2\/posts"}],"about":[{"href":"https:\/\/maxradio923.com.ar\/index.php\/wp-json\/wp\/v2\/types\/post"}],"author":[{"embeddable":true,"href":"https:\/\/maxradio923.com.ar\/index.php\/wp-json\/wp\/v2\/users\/2"}],"replies":[{"embeddable":true,"href":"https:\/\/maxradio923.com.ar\/index.php\/wp-json\/wp\/v2\/comments?post=57683"}],"version-history":[{"count":0,"href":"https:\/\/maxradio923.com.ar\/index.php\/wp-json\/wp\/v2\/posts\/57683\/revisions"}],"wp:featuredmedia":[{"embeddable":true,"href":"https:\/\/maxradio923.com.ar\/index.php\/wp-json\/wp\/v2\/media\/57684"}],"wp:attachment":[{"href":"https:\/\/maxradio923.com.ar\/index.php\/wp-json\/wp\/v2\/media?parent=57683"}],"wp:term":[{"taxonomy":"category","embeddable":true,"href":"https:\/\/maxradio923.com.ar\/index.php\/wp-json\/wp\/v2\/categories?post=57683"},{"taxonomy":"post_tag","embeddable":true,"href":"https:\/\/maxradio923.com.ar\/index.php\/wp-json\/wp\/v2\/tags?post=57683"}],"curies":[{"name":"wp","href":"https:\/\/api.w.org\/{rel}","templated":true}]}}