{"id":57681,"date":"2025-11-09T05:35:03","date_gmt":"2025-11-09T08:35:03","guid":{"rendered":"https:\/\/maxradio923.com.ar\/index.php\/2025\/11\/09\/0805cayo-el-mexicanito-era-buscado-por-un-crimen-en-frontera-y-lo-atraparon-durante-un-robo-en-cordoba\/"},"modified":"2025-11-09T05:35:03","modified_gmt":"2025-11-09T08:35:03","slug":"0805cayo-el-mexicanito-era-buscado-por-un-crimen-en-frontera-y-lo-atraparon-durante-un-robo-en-cordoba","status":"publish","type":"post","link":"https:\/\/maxradio923.com.ar\/index.php\/2025\/11\/09\/0805cayo-el-mexicanito-era-buscado-por-un-crimen-en-frontera-y-lo-atraparon-durante-un-robo-en-cordoba\/","title":{"rendered":"08:05Cay\u00f3 \u201cEl Mexicanito\u201d: era buscado por un crimen en Frontera y lo atraparon durante un robo en C\u00f3rdoba"},"content":{"rendered":"<p><\/p>\n<h2 class=\"article-subheadline text_align_left\">El presunto autor del homicidio de Federico Baz\u00e1n se encontraba junto a un joven de 18 a\u00f1os. Ambos quedaron detenidos e investigan si estar\u00edan vinculados a otros delitos ocurridos en la zona<\/h2>\n<p><\/p>\n<p class=\"paragraph\">A dos semanas del crimen de <b>Federico Baz\u00e1n<\/b>, un hombre de 32 a\u00f1os que fue asesinado en la localidad santafesina de <b>Frontera<\/b>, las autoridades confirmaron la captura del presunto responsable. Se trata de <b>L.J.V.C.<\/b>, conocido como<b> \u201cEl Mexicanito\u201d<\/b>, quien fue atrapado mientras intentaba robar en una vivienda de la localidad de <b>San Francisco<\/b>, provincia de <b>C\u00f3rdoba<\/b>.<\/p>\n<p><\/p>\n<p class=\"paragraph\">De acuerdo con la informaci\u00f3n publicada por <i>El Doce.tv, &#8220;<\/i>El Mexicanito&#8221; fue se\u00f1alado como el sujeto que hab\u00eda sido captado en video mientras disparaba contra Baz\u00e1n. Producto del ataque, la v\u00edctima recibi\u00f3 dos disparos en el pecho y qued\u00f3 tendido en plena v\u00eda p\u00fablica.<\/p>\n<p><\/p>\n<p class=\"paragraph\">La reconstrucci\u00f3n de los hechos indic\u00f3 que la v\u00edctima se encontraba acompa\u00f1ada por <b>\u00c1ngel Dar\u00edo Aciar<\/b>, cuando ambos fueron abordados por dos individuos que se desplazaban en motocicleta. En el caso de su compa\u00f1ero, este result\u00f3 herido, pero logr\u00f3 ser traslado hacia un hospital en San Francisco.<\/p>\n<p><\/p>\n<p class=\"paragraph\">En la escena del crimen, la polic\u00eda secuestr\u00f3 <b>un mill\u00f3n de pesos<\/b>, <b>20 mil d\u00f3lares<\/b>, un tel\u00e9fono celular y municiones, elementos que reforzaron la hip\u00f3tesis de que el homicidio podr\u00eda estar vinculado a <b>transacciones comerciales o intercambio de divisas<\/b>.<\/p>\n<p><\/p>\n<p class=\"paragraph\">Desde el momento del asesinato, la Justicia de Santa Fe hab\u00eda desplegado un operativo de b\u00fasqueda para dar con el paradero de \u201cEl Mexicanito\u201d. Finalmente, la detenci\u00f3n del pr\u00f3fugo en C\u00f3rdoba permiti\u00f3 dar aviso a las autoridades santafesinas a cargo de la investigaci\u00f3n del homicidio de Baz\u00e1n.<\/p>\n<p><\/p>\n<p class=\"paragraph\">Un joven de 18 a\u00f1os, identificado como M. R., y su padre de 39 a\u00f1os, A. R., fueron imputados en la causa que investiga el crimen de <b>Milton Sosa <\/b>(20), un futbolista del club Mitre que fue asesinado de una pu\u00f1alada durante una fiesta de 15 a\u00f1os celebrada en la localidad de <b>P\u00e9rez<\/b>, en la provincia de <b>Santa Fe<\/b>.<\/p>\n","protected":false},"excerpt":{"rendered":"<p>El presunto autor del homicidio de Federico Baz\u00e1n se encontraba junto a un joven de 18 a\u00f1os. Ambos quedaron detenidos e investigan si estar\u00edan vinculados a otros delitos ocurridos en la zona A dos semanas del crimen de Federico Baz\u00e1n, un hombre de 32 a\u00f1os que fue asesinado en la localidad santafesina de Frontera, las [&hellip;]<\/p>\n","protected":false},"author":2,"featured_media":57682,"comment_status":"","ping_status":"","sticky":false,"template":"","format":"standard","meta":{"footnotes":""},"categories":[12],"tags":[],"_links":{"self":[{"href":"https:\/\/maxradio923.com.ar\/index.php\/wp-json\/wp\/v2\/posts\/57681"}],"collection":[{"href":"https:\/\/maxradio923.com.ar\/index.php\/wp-json\/wp\/v2\/posts"}],"about":[{"href":"https:\/\/maxradio923.com.ar\/index.php\/wp-json\/wp\/v2\/types\/post"}],"author":[{"embeddable":true,"href":"https:\/\/maxradio923.com.ar\/index.php\/wp-json\/wp\/v2\/users\/2"}],"replies":[{"embeddable":true,"href":"https:\/\/maxradio923.com.ar\/index.php\/wp-json\/wp\/v2\/comments?post=57681"}],"version-history":[{"count":0,"href":"https:\/\/maxradio923.com.ar\/index.php\/wp-json\/wp\/v2\/posts\/57681\/revisions"}],"wp:featuredmedia":[{"embeddable":true,"href":"https:\/\/maxradio923.com.ar\/index.php\/wp-json\/wp\/v2\/media\/57682"}],"wp:attachment":[{"href":"https:\/\/maxradio923.com.ar\/index.php\/wp-json\/wp\/v2\/media?parent=57681"}],"wp:term":[{"taxonomy":"category","embeddable":true,"href":"https:\/\/maxradio923.com.ar\/index.php\/wp-json\/wp\/v2\/categories?post=57681"},{"taxonomy":"post_tag","embeddable":true,"href":"https:\/\/maxradio923.com.ar\/index.php\/wp-json\/wp\/v2\/tags?post=57681"}],"curies":[{"name":"wp","href":"https:\/\/api.w.org\/{rel}","templated":true}]}}