{"id":57652,"date":"2025-11-09T01:49:03","date_gmt":"2025-11-09T04:49:03","guid":{"rendered":"https:\/\/maxradio923.com.ar\/index.php\/2025\/11\/09\/0359milei-y-caputo-aprovecharon-la-gira-por-eeuu-para-generar-confianza-en-los-inversores-sobre-las-proximas-etapas-del-programa-de-ajuste\/"},"modified":"2025-11-09T01:49:03","modified_gmt":"2025-11-09T04:49:03","slug":"0359milei-y-caputo-aprovecharon-la-gira-por-eeuu-para-generar-confianza-en-los-inversores-sobre-las-proximas-etapas-del-programa-de-ajuste","status":"publish","type":"post","link":"https:\/\/maxradio923.com.ar\/index.php\/2025\/11\/09\/0359milei-y-caputo-aprovecharon-la-gira-por-eeuu-para-generar-confianza-en-los-inversores-sobre-las-proximas-etapas-del-programa-de-ajuste\/","title":{"rendered":"03:59Milei y Caputo aprovecharon la gira por EEUU para generar confianza en los inversores sobre las pr\u00f3ximas etapas del programa de ajuste"},"content":{"rendered":"<p><\/p>\n<h2 class=\"article-subheadline text_align_left\">El Presidente y su ministro de Econom\u00eda adelantaron en Miami, Palm Beach y New York que negocian con la oposici\u00f3n una reforma impositiva y laboral, mientras debaten con bancos y fondos un acuerdo financiero de largo plazo<\/h2>\n<p><\/p>\n<p class=\"paragraph\">(<i>Desde Washington, Estados Unidos<\/i>) El<b> triunfo electoral <\/b>de <b>Javier Milei y<\/b> las <b>dificultades pol\u00edticas<\/b> <b>dom\u00e9sticas <\/b>que enfrenta <b>Donald Trump <\/b><i>ajustaron la hoja de ruta <\/i>que dise\u00f1\u00f3 el Presidente para <b>multiplicar<\/b> la inversi\u00f3n extranjera directa y <b>reducir<\/b> la deuda que Argentina <b>debe cumplir <\/b>frente a<b> los bonistas que operan en Wall Street. <\/b><\/p>\n<p><\/p>\n<p class=\"paragraph\">La exigencia de Trump<b> mut\u00f3<\/b> el dogmatismo presidencial en un ejercicio inmediato de <i><b>realpolitik<\/b><\/i>, que implic\u00f3 una <b>reestructuraci\u00f3n profunda<\/b> en el gabinete y un <b>posible acuerdo<\/b> con la oposici\u00f3n para <b>lograr <\/b>la reforma impositiva y laboral. <\/p>\n<p><\/p>\n<h2 class=\"header headline-class-h2\"><span class=\"\" style=\"display:block\">Conceptos b\u00e1sicos<\/span><\/h2>\n<p><\/p>\n<p class=\"paragraph\">En este contexto, Milei <b>protagoniz\u00f3<\/b> una gira por<i> Miami, Palm Beach <\/i>y <i>New York<\/i> con un discurso pol\u00edtico que <b>satisfizo las expectativas de una audiencia <\/b>que esperaba definiciones estructurales <b>m\u00e1s all\u00e1 de la pr\u00e9dica libertaria<\/b> contra ideas econ\u00f3micas del siglo XX y el <b>Estado de Bienestar<\/b>. <\/p>\n<p><\/p>\n<p class=\"paragraph\">Durante el <b>American Business Forum,<\/b> <b>la Gala de la CEPAC<\/b> en Mar -a- Lago y la reuni\u00f3n con los inversores en el <b>Council of America<\/b>, Milei se refiri\u00f3 a <b>cuatro conceptos b\u00e1sicos <\/b>que apuntaron a generar confianza ante sus poderosos interlocutores: <\/p>\n<p><\/p>\n<p class=\"paragraph\"><b>Al ajuste pragm\u00e1tico<\/b> que hizo Milei ante las <b>exigencias<\/b> de la Casa Blanca y<b> su propio triunfo<\/b> en los comicios del 26 de octubre <b>se debe sumar<\/b> la compleja<b> agenda dom\u00e9stica que enfrenta Trump <\/b>por la <i>Crisis del Shutdown <\/i>en Estados Unidos<i> <\/i>que lleva m\u00e1s de cinco semanas. <\/p>\n<p><\/p>\n<p class=\"paragraph\">El presidente republicano <b>propone un ajuste del gasto p\u00fablico <\/b>que afecta programas de asistencia social dise\u00f1adas durante los gobiernos de <b>Barack Obama<\/b> y <b>Joe Biden. <\/b><\/p>\n","protected":false},"excerpt":{"rendered":"<p>El Presidente y su ministro de Econom\u00eda adelantaron en Miami, Palm Beach y New York que negocian con la oposici\u00f3n una reforma impositiva y laboral, mientras debaten con bancos y fondos un acuerdo financiero de largo plazo (Desde Washington, Estados Unidos) El triunfo electoral de Javier Milei y las dificultades pol\u00edticas dom\u00e9sticas que enfrenta Donald [&hellip;]<\/p>\n","protected":false},"author":2,"featured_media":57653,"comment_status":"","ping_status":"","sticky":false,"template":"","format":"standard","meta":{"footnotes":""},"categories":[12],"tags":[],"_links":{"self":[{"href":"https:\/\/maxradio923.com.ar\/index.php\/wp-json\/wp\/v2\/posts\/57652"}],"collection":[{"href":"https:\/\/maxradio923.com.ar\/index.php\/wp-json\/wp\/v2\/posts"}],"about":[{"href":"https:\/\/maxradio923.com.ar\/index.php\/wp-json\/wp\/v2\/types\/post"}],"author":[{"embeddable":true,"href":"https:\/\/maxradio923.com.ar\/index.php\/wp-json\/wp\/v2\/users\/2"}],"replies":[{"embeddable":true,"href":"https:\/\/maxradio923.com.ar\/index.php\/wp-json\/wp\/v2\/comments?post=57652"}],"version-history":[{"count":0,"href":"https:\/\/maxradio923.com.ar\/index.php\/wp-json\/wp\/v2\/posts\/57652\/revisions"}],"wp:featuredmedia":[{"embeddable":true,"href":"https:\/\/maxradio923.com.ar\/index.php\/wp-json\/wp\/v2\/media\/57653"}],"wp:attachment":[{"href":"https:\/\/maxradio923.com.ar\/index.php\/wp-json\/wp\/v2\/media?parent=57652"}],"wp:term":[{"taxonomy":"category","embeddable":true,"href":"https:\/\/maxradio923.com.ar\/index.php\/wp-json\/wp\/v2\/categories?post=57652"},{"taxonomy":"post_tag","embeddable":true,"href":"https:\/\/maxradio923.com.ar\/index.php\/wp-json\/wp\/v2\/tags?post=57652"}],"curies":[{"name":"wp","href":"https:\/\/api.w.org\/{rel}","templated":true}]}}