{"id":57650,"date":"2025-11-09T01:32:03","date_gmt":"2025-11-09T04:32:03","guid":{"rendered":"https:\/\/maxradio923.com.ar\/index.php\/2025\/11\/09\/0359clima-de-negocios-por-que-el-acuerdo-ue-mercosur-esta-mas-cerca-que-nunca-de-concretarse-y-cual-sera-impacto-en-argentina\/"},"modified":"2025-11-09T01:32:03","modified_gmt":"2025-11-09T04:32:03","slug":"0359clima-de-negocios-por-que-el-acuerdo-ue-mercosur-esta-mas-cerca-que-nunca-de-concretarse-y-cual-sera-impacto-en-argentina","status":"publish","type":"post","link":"https:\/\/maxradio923.com.ar\/index.php\/2025\/11\/09\/0359clima-de-negocios-por-que-el-acuerdo-ue-mercosur-esta-mas-cerca-que-nunca-de-concretarse-y-cual-sera-impacto-en-argentina\/","title":{"rendered":"03:59Clima de Negocios: Por qu\u00e9 el acuerdo UE-Mercosur est\u00e1 m\u00e1s cerca que nunca de concretarse y cu\u00e1l ser\u00e1 impacto en Argentina"},"content":{"rendered":"<p><\/p>\n<h2 class=\"article-subheadline text_align_left\">Contempla la eliminaci\u00f3n de aranceles sobre el 90% del comercio bilateral y beneficiar\u00e1 la exportaci\u00f3n de la agroindustria, la energ\u00eda y los minerales cr\u00edticos de la regi\u00f3n En paralelo, este fin de semana se realiza una devaluada cumbre Celac-UE, en Colombia<\/h2>\n<p><\/p>\n<p class=\"paragraph\">Despu\u00e9s de m\u00e1s de dos d\u00e9cadas de negociaci\u00f3n el muy mentado acuerdo entre la <b>Uni\u00f3n Europea (UE)<\/b> y el <b>Mercosur<\/b> parece estar m\u00e1s cerca que nunca de convertirse en una realidad. Todo en medio de un mundo que se polariza cada vez m\u00e1s, con fuerte injerencia del <b>Estados Unidos<\/b> de <b>Donald Trump <\/b>que puja globalmente con <b>China<\/b>, una <b>Am\u00e9rica Latina<\/b> pendular y el Viejo Continente que luce cada vez m\u00e1s viejo, aunque no se resigna a perder peso. <\/p>\n<p><\/p>\n<p class=\"paragraph\">Con eso, bajo la presidencia pro-tempore de <b>Paraguay<\/b> en el Mercosur (<b>Brasil<\/b>, <b>Argentina<\/b>, <b>Uruguay,<\/b> <b>Paraguay <\/b>y aliados), en el primer semestre de 2026 se dar\u00eda la aprobaci\u00f3n latina, a la que tambi\u00e9n deber\u00e1 seguir el voto en las legislaturas nacionales, pero ya con una parte de facultades delegadas en funcionamiento.<\/p>\n<p><\/p>\n<p class=\"paragraph\">El acuerdo contempla la eliminaci\u00f3n de aranceles sobre el 90% del comercio bilateral y mayores plazos de desgravaci\u00f3n que los concedidos a otros socios de la UE, con beneficios que impulsar\u00edan las exportaciones de los sectores agroindustriales, energ\u00e9ticos y mineros del Mercosur. La UE obtendr\u00eda seguridad de abastecimiento de alimentos, energ\u00eda y minerales cr\u00edticos, adem\u00e1s de mayor presencia en Am\u00e9rica Latina. <\/p>\n<p><\/p>\n<p class=\"paragraph\">Seg\u00fan <b>Abeceb<\/b>, el acuerdo es una <b>herramienta de modernizaci\u00f3n institucional y de convergencia regulatoria<\/b> que busca compatibilizar desarrollo, sustentabilidad y gobernanza. En base a diversos estudios, la consultora estim\u00f3 que<b> los impactos econ\u00f3micos son moderados en t\u00e9rminos agregados, pero con efectos positivos en sectores estrat\u00e9gicos<\/b>. Fuentes europeas calcularon que la regi\u00f3n sumar\u00e1 exportaciones por unos USD 10.000 millones por a\u00f1o y las europeas saltar\u00e1n en casi USD 60.000 millones. <\/p>\n<p><\/p>\n<p class=\"paragraph\">Ambas zonas parecen haber solucionado a grandes rasgos varios puntos de conflicto, principalmente temas relacionados con el comercio agr\u00edcola, la normativa ambiental y la protecci\u00f3n de industrias locales. Los pa\u00edses del Mercosur buscan ampliar el acceso de sus productos al mercado europeo, mientras que la UE aspira a nuevas oportunidades para sus exportadores e inversores.<\/p>\n<p><\/p>\n<p class=\"paragraph\">Todav\u00eda hay retos notorios, como la preocupaci\u00f3n de algunos sectores europeos por el impacto ambiental de las exportaciones regionales. De concretarse, su implementaci\u00f3n facilitar\u00e1 la reducci\u00f3n de aranceles, la apertura de mercados y la mejora en la cooperaci\u00f3n econ\u00f3mica entre ambas regiones.<\/p>\n","protected":false},"excerpt":{"rendered":"<p>Contempla la eliminaci\u00f3n de aranceles sobre el 90% del comercio bilateral y beneficiar\u00e1 la exportaci\u00f3n de la agroindustria, la energ\u00eda y los minerales cr\u00edticos de la regi\u00f3n En paralelo, este fin de semana se realiza una devaluada cumbre Celac-UE, en Colombia Despu\u00e9s de m\u00e1s de dos d\u00e9cadas de negociaci\u00f3n el muy mentado acuerdo entre la [&hellip;]<\/p>\n","protected":false},"author":2,"featured_media":57651,"comment_status":"","ping_status":"","sticky":false,"template":"","format":"standard","meta":{"footnotes":""},"categories":[12],"tags":[],"_links":{"self":[{"href":"https:\/\/maxradio923.com.ar\/index.php\/wp-json\/wp\/v2\/posts\/57650"}],"collection":[{"href":"https:\/\/maxradio923.com.ar\/index.php\/wp-json\/wp\/v2\/posts"}],"about":[{"href":"https:\/\/maxradio923.com.ar\/index.php\/wp-json\/wp\/v2\/types\/post"}],"author":[{"embeddable":true,"href":"https:\/\/maxradio923.com.ar\/index.php\/wp-json\/wp\/v2\/users\/2"}],"replies":[{"embeddable":true,"href":"https:\/\/maxradio923.com.ar\/index.php\/wp-json\/wp\/v2\/comments?post=57650"}],"version-history":[{"count":0,"href":"https:\/\/maxradio923.com.ar\/index.php\/wp-json\/wp\/v2\/posts\/57650\/revisions"}],"wp:featuredmedia":[{"embeddable":true,"href":"https:\/\/maxradio923.com.ar\/index.php\/wp-json\/wp\/v2\/media\/57651"}],"wp:attachment":[{"href":"https:\/\/maxradio923.com.ar\/index.php\/wp-json\/wp\/v2\/media?parent=57650"}],"wp:term":[{"taxonomy":"category","embeddable":true,"href":"https:\/\/maxradio923.com.ar\/index.php\/wp-json\/wp\/v2\/categories?post=57650"},{"taxonomy":"post_tag","embeddable":true,"href":"https:\/\/maxradio923.com.ar\/index.php\/wp-json\/wp\/v2\/tags?post=57650"}],"curies":[{"name":"wp","href":"https:\/\/api.w.org\/{rel}","templated":true}]}}