{"id":57648,"date":"2025-11-09T01:16:02","date_gmt":"2025-11-09T04:16:02","guid":{"rendered":"https:\/\/maxradio923.com.ar\/index.php\/2025\/11\/09\/el-emotivo-recuerdo-de-benjamin-vicuna-a-su-hija-blanca-con-una-foto-inedita\/"},"modified":"2025-11-09T01:16:02","modified_gmt":"2025-11-09T04:16:02","slug":"el-emotivo-recuerdo-de-benjamin-vicuna-a-su-hija-blanca-con-una-foto-inedita","status":"publish","type":"post","link":"https:\/\/maxradio923.com.ar\/index.php\/2025\/11\/09\/el-emotivo-recuerdo-de-benjamin-vicuna-a-su-hija-blanca-con-una-foto-inedita\/","title":{"rendered":"El emotivo recuerdo de Benjam\u00edn Vicu\u00f1a a su hija Blanca con una foto in\u00e9dita"},"content":{"rendered":"<p><\/p>\n<h2 class=\"article-subheadline text_align_left\">Al tributo de cada d\u00eda 8 del mes con rosas blancas por la hija que tuvo junto a Carolina Ardohain y falleci\u00f3 en 2012, le a\u00f1adi\u00f3 una tierna imagen<\/h2>\n<p><\/p>\n<p class=\"paragraph\">Cada 8 de mes, <b>Benjam\u00edn Vicu\u00f1a<\/b> mantiene viva la memoria de su hija <b>Blanca, <\/b>que tuvo junto a<b> <\/b><b>Carolina \u201cPampita\u201d Ardohain<\/b><b>,<\/b> a trav\u00e9s de un homenaje cargado de significado. El actor chileno, reconocido por su trayectoria en cine y televisi\u00f3n, ha transformado esta fecha en un ritual de recuerdo, compartiendo p\u00fablicamente su dolor y su amor mediante gestos simb\u00f3licos. En esta ocasi\u00f3n, en el d\u00eda de ayer el tributo adquiri\u00f3 un matiz especial: Vicu\u00f1a public\u00f3 una <b>fotograf\u00eda in\u00e9dita<\/b> junto a Blanca, reforzando el lazo que los une m\u00e1s all\u00e1 del tiempo.<\/p>\n<p><\/p>\n<p class=\"paragraph\">La historia de Blanca marc\u00f3 profundamente a su familia y a quienes siguieron de cerca la tragedia. La ni\u00f1a falleci\u00f3 el 8 de septiembre de 2012, a los seis a\u00f1os, como consecuencia de una <b>neumon\u00eda hemorr\u00e1gica<\/b>, una enfermedad poco frecuente y grave en la infancia. Blanca fue ingresada en la <b>Cl\u00ednica Las Condes de Santiago de Chile<\/b>, donde recibi\u00f3 atenci\u00f3n m\u00e9dica antes de su fallecimiento. La p\u00e9rdida dej\u00f3 una huella imborrable en sus padres y en el entorno cercano.<\/p>\n<p><\/p>\n<p class=\"paragraph\">Vicu\u00f1a mantiene un v\u00ednculo profundo tambi\u00e9n con los hijos que tuvo con la actriz Eugenia \u201cChina\u201d Su\u00e1rez, Magnolia y Amancio, que residen actualmente en Turqu\u00eda junto a su madre, <b>China Su\u00e1rez<\/b>, y el futbolista <b>Mauro Icardi<\/b>, una distancia que ha transformado la cotidianeidad de <b>Benjam\u00edn Vicu\u00f1a<\/b> en una larga espera plagada de dolor. <\/p>\n<p><\/p>\n<p class=\"paragraph\">Algunos d\u00edas atr\u00e1s, el actor confes\u00f3 haber atravesado m\u00e1s de cuarenta d\u00edas sin ver a sus hijos, una realidad que comparti\u00f3 con voz entrecortada en el programa <b>Podemos Hablar<\/b>, de <b>Chilevisi\u00f3n,<\/b> conducido por <b>Diana Bolocco<\/b>: <b>\u201cNo veo a mis hijos hace m\u00e1s de cuarenta y tantos d\u00edas\u201d.<\/b><\/p>\n<p><\/p>\n<p class=\"paragraph\">En sus palabras, admiti\u00f3 que el momento resulta dif\u00edcil de asimilar: <b>\u201cNo es el ideal, pero lo estoy enfrentando con madurez, con amor hacia mis hijos, intentando creer que es algo temporal, que luego va a volver todo a la normalidad\u201d<\/b>. La situaci\u00f3n, que considera injusta \u201cpero no por m\u00ed, por mis hijos\u201d, lo obliga a buscar maneras de adaptarse a una din\u00e1mica familiar incierta. \u201cVoy tratando de asimilar, de administrar algo nuevo, algo que no estaba en mi radar, pero es complicado\u201d, agreg\u00f3. El deseo de mantener la privacidad de los peque\u00f1os se acentu\u00f3 cuando reconoci\u00f3: \u201cHoy m\u00e1s que nunca, me gustar\u00eda cuidarlos, protegerlos y no hablar de ellos. La verdad, no es un lindo momento, m\u00e1s all\u00e1 de decirte que s\u00ed los echo mucho de menos, hablo todos los d\u00edas con ellos por tel\u00e9fono\u201d.<\/p>\n<p><\/p>\n<p class=\"paragraph\">Respecto de la relaci\u00f3n con la madre de los menores, Vicu\u00f1a no dud\u00f3: <b>\u201cNo tengo una relaci\u00f3n fluida con la madre de mis hijos, ya que esto gener\u00f3 una din\u00e1mica s\u00faper dif\u00edcil, cuando dos personas adultas no se ponen de acuerdo, con un tema tan b\u00e1sico, l\u00f3gico, como es la residencia, lugar donde viven\u2026 no es que tienes un problemita, es un problema grave\u201d<\/b>.<\/p>\n","protected":false},"excerpt":{"rendered":"<p>Al tributo de cada d\u00eda 8 del mes con rosas blancas por la hija que tuvo junto a Carolina Ardohain y falleci\u00f3 en 2012, le a\u00f1adi\u00f3 una tierna imagen Cada 8 de mes, Benjam\u00edn Vicu\u00f1a mantiene viva la memoria de su hija Blanca, que tuvo junto a Carolina \u201cPampita\u201d Ardohain, a trav\u00e9s de un homenaje [&hellip;]<\/p>\n","protected":false},"author":2,"featured_media":57649,"comment_status":"","ping_status":"","sticky":false,"template":"","format":"standard","meta":{"footnotes":""},"categories":[12],"tags":[],"_links":{"self":[{"href":"https:\/\/maxradio923.com.ar\/index.php\/wp-json\/wp\/v2\/posts\/57648"}],"collection":[{"href":"https:\/\/maxradio923.com.ar\/index.php\/wp-json\/wp\/v2\/posts"}],"about":[{"href":"https:\/\/maxradio923.com.ar\/index.php\/wp-json\/wp\/v2\/types\/post"}],"author":[{"embeddable":true,"href":"https:\/\/maxradio923.com.ar\/index.php\/wp-json\/wp\/v2\/users\/2"}],"replies":[{"embeddable":true,"href":"https:\/\/maxradio923.com.ar\/index.php\/wp-json\/wp\/v2\/comments?post=57648"}],"version-history":[{"count":0,"href":"https:\/\/maxradio923.com.ar\/index.php\/wp-json\/wp\/v2\/posts\/57648\/revisions"}],"wp:featuredmedia":[{"embeddable":true,"href":"https:\/\/maxradio923.com.ar\/index.php\/wp-json\/wp\/v2\/media\/57649"}],"wp:attachment":[{"href":"https:\/\/maxradio923.com.ar\/index.php\/wp-json\/wp\/v2\/media?parent=57648"}],"wp:term":[{"taxonomy":"category","embeddable":true,"href":"https:\/\/maxradio923.com.ar\/index.php\/wp-json\/wp\/v2\/categories?post=57648"},{"taxonomy":"post_tag","embeddable":true,"href":"https:\/\/maxradio923.com.ar\/index.php\/wp-json\/wp\/v2\/tags?post=57648"}],"curies":[{"name":"wp","href":"https:\/\/api.w.org\/{rel}","templated":true}]}}